{"id":7902,"date":"2016-12-20T08:00:38","date_gmt":"2016-12-20T07:00:38","guid":{"rendered":"https:\/\/www.jaimemonartisan.com\/blog\/?p=7902"},"modified":"2019-01-21T10:27:47","modified_gmt":"2019-01-21T09:27:47","slug":"choisir-une-porte-de-garage-sectionnelle","status":"publish","type":"post","link":"https:\/\/www.jaimemonartisan.com\/blog\/choisir-une-porte-de-garage-sectionnelle\/","title":{"rendered":"Choisir une porte de garage sectionnelle\u00a0"},"content":{"rendered":"<p style=\"text-align: justify;\">Les portes de garage sectionnelles (\u00e0 panneaux articul\u00e9s) sont en passe de remplacer la plupart des portes de garage traditionnelles \u00e0 battant. Leur confort de manipulation, surtout lorsqu&rsquo;elles sont motoris\u00e9es, leur ont ouvert le march\u00e9.<\/p>\n<p style=\"text-align: justify;\">Deux modes de fonctionnement sont possibles : par relevage au plafond ou par glissement int\u00e9rieur lat\u00e9ral. D&rsquo;autres crit\u00e8res peuvent conditionner le choix : le mat\u00e9riau (bois ou acier), la couleur (plusieurs centaines de teintes pour certains mod\u00e8les), le design, la forme et le nombre de hublots ou encore les \u00e9l\u00e9ments de s\u00e9curit\u00e9.<\/p>\n<blockquote>\n<p style=\"text-align: justify;\">Lire la suite de l&rsquo;article sur\u00a0<em><a href=\"http:\/\/www.maisonbrico.com\/conseils-bricolage\/choisir-porte-garage-sectionnelle,4754.html\" target=\"_blank\">http:\/\/www.maisonbrico.com\/conseils-bricolage\/choisir-porte-garage-sectionnelle,4754.html<\/a><\/em><\/p>\n<\/blockquote>\n<p style=\"text-align: justify;\">Cr\u00e9dit photo: JaimeMonArtisan<\/p>\n","protected":false},"excerpt":{"rendered":"<p>Les portes de garage sectionnelles (\u00e0 panneaux articul\u00e9s) sont en passe de remplacer la plupart des portes de garage traditionnelles \u00e0 battant. Leur confort de manipulation, surtout lorsqu&rsquo;elles sont motoris\u00e9es,&#8230;<\/p>\n","protected":false},"author":2,"featured_media":7904,"comment_status":"open","ping_status":"open","sticky":false,"template":"","format":"standard","meta":[],"categories":[1],"tags":[309],"yoast_head":"<!-- This site is optimized with the Yoast SEO plugin v15.9.2 - https:\/\/yoast.com\/wordpress\/plugins\/seo\/ -->\n<title>Choisir une porte de garage sectionnelle\u00a0 &ndash; Blog de J\u2019aime Mon Artisan<\/title>\n<meta name=\"description\" content=\"Les portes de garage sectionnelles (\u00e0 panneaux articul\u00e9s) sont en passe de remplacer la plupart des portes de garage traditionnelles \u00e0 battant. Leur...\" \/>\n<link rel=\"canonical\" href=\"https:\/\/www.jaimemonartisan.com\/blog\/choisir-une-porte-de-garage-sectionnelle\/\" \/>\n<meta property=\"og:locale\" content=\"fr_FR\" \/>\n<meta property=\"og:type\" content=\"article\" \/>\n<meta property=\"og:title\" content=\"Choisir une porte de garage sectionnelle\u00a0 &ndash; Blog de J\u2019aime Mon Artisan\" \/>\n<meta property=\"og:description\" content=\"Les portes de garage sectionnelles (\u00e0 panneaux articul\u00e9s) sont en passe de remplacer la plupart des portes de garage traditionnelles \u00e0 battant. Leur...\" \/>\n<meta property=\"og:url\" content=\"https:\/\/www.jaimemonartisan.com\/blog\/choisir-une-porte-de-garage-sectionnelle\/\" \/>\n<meta property=\"og:site_name\" content=\"Blog de J\u2019aime Mon Artisan\" \/>\n<meta property=\"article:publisher\" content=\"https:\/\/www.facebook.com\/jaimemonartisan\" \/>\n<meta property=\"article:published_time\" content=\"2016-12-20T07:00:38+00:00\" \/>\n<meta property=\"article:modified_time\" content=\"2019-01-21T09:27:47+00:00\" \/>\n<meta property=\"og:image\" content=\"https:\/\/www.jaimemonartisan.com\/blog\/app\/uploads\/2016\/12\/Cr\u00e9dit-photo-JaimeMonArtisan-Porte-de-Garage-Sectionnelle-\u00e0-rainure-haute-La-Toulousaine-1-4.jpg\" \/>\n\t<meta property=\"og:image:width\" content=\"950\" \/>\n\t<meta property=\"og:image:height\" content=\"950\" \/>\n<meta name=\"twitter:card\" content=\"summary\" \/>\n<meta name=\"twitter:creator\" content=\"@JaimeMonArtisan\" \/>\n<meta name=\"twitter:site\" content=\"@JaimeMonArtisan\" \/>\n<meta name=\"twitter:label1\" content=\"Est. reading time\">\n\t<meta name=\"twitter:data1\" content=\"1 minute\">\n<script type=\"application\/ld+json\" class=\"yoast-schema-graph\">{\"@context\":\"https:\/\/schema.org\",\"@graph\":[{\"@type\":\"WebSite\",\"@id\":\"https:\/\/www.jaimemonartisan.com\/blog\/#website\",\"url\":\"https:\/\/www.jaimemonartisan.com\/blog\/\",\"name\":\"Blog de J\\u2019aime Mon Artisan\",\"description\":\"Des conseils, inspirations, tendances, guides et actualit\\u00e9s pour vos projets d\\u2019habitat et des annonces sur ceux qui construisent J\\u2019aime Mon Artisan\",\"potentialAction\":[{\"@type\":\"SearchAction\",\"target\":\"https:\/\/www.jaimemonartisan.com\/blog\/?s={search_term_string}\",\"query-input\":\"required name=search_term_string\"}],\"inLanguage\":\"fr-FR\"},{\"@type\":\"ImageObject\",\"@id\":\"https:\/\/www.jaimemonartisan.com\/blog\/choisir-une-porte-de-garage-sectionnelle\/#primaryimage\",\"inLanguage\":\"fr-FR\",\"url\":\"https:\/\/www.jaimemonartisan.com\/blog\/app\/uploads\/2016\/12\/Cr\\u00e9dit-photo-JaimeMonArtisan-Porte-de-Garage-Sectionnelle-\\u00e0-rainure-haute-La-Toulousaine-1-4.jpg\",\"width\":950,\"height\":950},{\"@type\":\"WebPage\",\"@id\":\"https:\/\/www.jaimemonartisan.com\/blog\/choisir-une-porte-de-garage-sectionnelle\/#webpage\",\"url\":\"https:\/\/www.jaimemonartisan.com\/blog\/choisir-une-porte-de-garage-sectionnelle\/\",\"name\":\"Choisir une porte de garage sectionnelle\\u00a0 &ndash; Blog de J\\u2019aime Mon Artisan\",\"isPartOf\":{\"@id\":\"https:\/\/www.jaimemonartisan.com\/blog\/#website\"},\"primaryImageOfPage\":{\"@id\":\"https:\/\/www.jaimemonartisan.com\/blog\/choisir-une-porte-de-garage-sectionnelle\/#primaryimage\"},\"datePublished\":\"2016-12-20T07:00:38+00:00\",\"dateModified\":\"2019-01-21T09:27:47+00:00\",\"author\":{\"@id\":\"https:\/\/www.jaimemonartisan.com\/blog\/#\/schema\/person\/7e1e6bb8d10d0d5070a22f0c250daf42\"},\"description\":\"Les portes de garage sectionnelles (\\u00e0 panneaux articul\\u00e9s) sont en passe de remplacer la plupart des portes de garage traditionnelles \\u00e0 battant. Leur...\",\"breadcrumb\":{\"@id\":\"https:\/\/www.jaimemonartisan.com\/blog\/choisir-une-porte-de-garage-sectionnelle\/#breadcrumb\"},\"inLanguage\":\"fr-FR\",\"potentialAction\":[{\"@type\":\"ReadAction\",\"target\":[\"https:\/\/www.jaimemonartisan.com\/blog\/choisir-une-porte-de-garage-sectionnelle\/\"]}]},{\"@type\":\"BreadcrumbList\",\"@id\":\"https:\/\/www.jaimemonartisan.com\/blog\/choisir-une-porte-de-garage-sectionnelle\/#breadcrumb\",\"itemListElement\":[{\"@type\":\"ListItem\",\"position\":1,\"item\":{\"@type\":\"WebPage\",\"@id\":\"https:\/\/www.jaimemonartisan.com\/blog\/\",\"url\":\"https:\/\/www.jaimemonartisan.com\/blog\/\",\"name\":\"Accueil\"}},{\"@type\":\"ListItem\",\"position\":2,\"item\":{\"@type\":\"WebPage\",\"@id\":\"https:\/\/www.jaimemonartisan.com\/blog\/choisir-une-porte-de-garage-sectionnelle\/\",\"url\":\"https:\/\/www.jaimemonartisan.com\/blog\/choisir-une-porte-de-garage-sectionnelle\/\",\"name\":\"Choisir une porte de garage sectionnelle\\u00a0\"}}]},{\"@type\":\"Person\",\"@id\":\"https:\/\/www.jaimemonartisan.com\/blog\/#\/schema\/person\/7e1e6bb8d10d0d5070a22f0c250daf42\",\"name\":\"Baptiste Caspar\",\"image\":{\"@type\":\"ImageObject\",\"@id\":\"https:\/\/www.jaimemonartisan.com\/blog\/#personlogo\",\"inLanguage\":\"fr-FR\",\"url\":\"https:\/\/secure.gravatar.com\/avatar\/967f4fa3593a7d27c59f8b03e8c3f6bf?s=96&d=mm&r=g\",\"caption\":\"Baptiste Caspar\"}}]}<\/script>\n<!-- \/ Yoast SEO plugin. -->","_links":{"self":[{"href":"https:\/\/www.jaimemonartisan.com\/blog\/wp-json\/wp\/v2\/posts\/7902"}],"collection":[{"href":"https:\/\/www.jaimemonartisan.com\/blog\/wp-json\/wp\/v2\/posts"}],"about":[{"href":"https:\/\/www.jaimemonartisan.com\/blog\/wp-json\/wp\/v2\/types\/post"}],"author":[{"embeddable":true,"href":"https:\/\/www.jaimemonartisan.com\/blog\/wp-json\/wp\/v2\/users\/2"}],"replies":[{"embeddable":true,"href":"https:\/\/www.jaimemonartisan.com\/blog\/wp-json\/wp\/v2\/comments?post=7902"}],"version-history":[{"count":5,"href":"https:\/\/www.jaimemonartisan.com\/blog\/wp-json\/wp\/v2\/posts\/7902\/revisions"}],"predecessor-version":[{"id":12972,"href":"https:\/\/www.jaimemonartisan.com\/blog\/wp-json\/wp\/v2\/posts\/7902\/revisions\/12972"}],"wp:featuredmedia":[{"embeddable":true,"href":"https:\/\/www.jaimemonartisan.com\/blog\/wp-json\/wp\/v2\/media\/7904"}],"wp:attachment":[{"href":"https:\/\/www.jaimemonartisan.com\/blog\/wp-json\/wp\/v2\/media?parent=7902"}],"wp:term":[{"taxonomy":"category","embeddable":true,"href":"https:\/\/www.jaimemonartisan.com\/blog\/wp-json\/wp\/v2\/categories?post=7902"},{"taxonomy":"post_tag","embeddable":true,"href":"https:\/\/www.jaimemonartisan.com\/blog\/wp-json\/wp\/v2\/tags?post=7902"}],"curies":[{"name":"wp","href":"https:\/\/api.w.org\/{rel}","templated":true}]}}