{"id":7834,"date":"2017-02-14T10:55:07","date_gmt":"2017-02-14T09:55:07","guid":{"rendered":"https:\/\/www.jaimemonartisan.com\/blog\/?p=7834"},"modified":"2024-01-16T14:38:37","modified_gmt":"2024-01-16T13:38:37","slug":"top-6-stores-exterieurs-mitjavila","status":"publish","type":"post","link":"https:\/\/www.jaimemonartisan.com\/blog\/top-6-stores-exterieurs-mitjavila\/","title":{"rendered":"TOP 6 des stores ext\u00e9rieurs du fabricant Mitjavila"},"content":{"rendered":"<p class=\"lead\">Vous cherchez un store ext\u00e9rieur qui allie confort, design,\u00a0r\u00e9sistance au vent et protections aux UV\u00a0? Voici notre\u00a0<strong>TOP 6\u00a0des stores ext\u00e9rieurs<\/strong>\u00a0du fabricant <a href=\"http:\/\/www.mitjavila.com\/\" target=\"_blank\" rel=\"noopener\"><b>Mitjavila<\/b><\/a>. Cet article va vous permettre de choisir un mod\u00e8le de store ext\u00e9rieur qui vous ressemble, adapt\u00e9 \u00e0 votre budget ainsi qu\u2019\u00e0 vos priorit\u00e9s.<\/p>\n<p style=\"text-align: center;\"><a class=\"maxbutton-3 maxbutton maxbutton-lien-classique\" target=\"_blank\" href=\"https:\/\/www.rayy.fr\/\"><span class='mb-text'>D\u00e9couvrir le Store Rayy<\/span><\/a>\n<p><!--more--><\/p>\n<p>Le <strong>choix de votre store ext\u00e9rieur<\/strong>\u00a0est essentiel pour votre terrasse ou votre balcon car il permet une\u00a0<strong>bonne protection contre le soleil et ses d\u00e9sagr\u00e9ments<\/strong>. Votre <strong>d\u00e9cision d\u00e9pend<\/strong> de plusieurs facteurs, comme <strong>l&rsquo;implantation, les dimensions<\/strong> de votre terrasse, <strong>votre budget<\/strong> mais aussi <strong>vos attentes<\/strong> en mati\u00e8re de qualit\u00e9, d\u2019esth\u00e9tique et de style. Nous vous proposons de nous pencher sur <b>6 mod\u00e8les de stores ext\u00e9rieurs<\/b>\u00a0de la marque\u00a0<strong>Mitjavila<\/strong>.<\/p>\n<div id=\"attachment_14140\" style=\"width: 536px\" class=\"wp-caption aligncenter\"><img aria-describedby=\"caption-attachment-14140\" loading=\"lazy\" class=\"wp-image-14140\" src=\"https:\/\/www.jaimemonartisan.com\/blog\/app\/uploads\/2017\/02\/logo-mitjavila.png\" alt=\"\" width=\"526\" height=\"83\" data-headline=\"Logo Mitjavila\" srcset=\"https:\/\/www.jaimemonartisan.com\/blog\/app\/uploads\/2017\/02\/logo-mitjavila.png 304w, https:\/\/www.jaimemonartisan.com\/blog\/app\/uploads\/2017\/02\/logo-mitjavila-300x47.png 300w\" sizes=\"(max-width: 526px) 100vw, 526px\" \/><p id=\"caption-attachment-14140\" class=\"wp-caption-text\">Logo Mitjavila &#8211; Cr\u00e9dit photo : mitjavila<\/p><\/div>\n<p>Le fabricant fran\u00e7ais\u00a0<strong>Mitjavila<\/strong> existe depuis <strong>1970<\/strong>, il est sp\u00e9cialis\u00e9 dans la fabrication de brises soleil et de protections solaires. Depuis 1977, il fabrique des stores, des brises soleil, des structures solaires et d&rsquo;autres produits dans le m\u00eame secteur d&rsquo;activit\u00e9. Parmi les stores propos\u00e9s on trouve des stores coffres, semi -coffres, de v\u00e9randas, de fen\u00eatres&#8230; <strong>Les produits de la marque sont tous pratiques, innovants et esth\u00e9tiques.<\/strong><br \/>\nSi vous souhaitez voir tous les mod\u00e8les de stores existant sur le site <strong>Mitjavila<\/strong> <a href=\"http:\/\/www.mitjavila.com\/\" target=\"_blank\" rel=\"noopener\">cliquez ici<\/a>.<\/p>\n<p>Pourquoi choisir un store ext\u00e9rieur ? Le store ext\u00e9rieur est <strong>l&rsquo;\u00e9l\u00e9ment indispensable de votre terrasse, balcon ou fen\u00eatre,<\/strong> il sera votre meilleur alli\u00e9 durant l&rsquo;\u00e9t\u00e9.<\/p>\n<blockquote><p>Pour en savoir plus, lisez notre article <a href=\"https:\/\/www.jaimemonartisan.com\/blog\/bien-choisir-store-exterieur\/\" target=\"_blank\" rel=\"noopener\">Comment bien choisir son store ext\u00e9rieur<\/a>.<\/p><\/blockquote>\n<p><strong>Voici les garanties des stores ext\u00e9rieurs\u00a0du fabricant\u00a0Mitjavila<\/strong>\u00a0:<\/p>\n<ul>\n<li>5 ans de Garantie sur l&rsquo;armature et la toile<\/li>\n<li>5 ans de Garantie sur la brillance et la tenue des couleurs des profils aluminiums<\/li>\n<li>2 ans de Garantie sur les accessoires et le m\u00e9canisme d&rsquo;ouverture (moteur ou treuil)<\/li>\n<li>R\u00e9sistance au vent : Classe 3 &#8211; Vent force 6 sur \u00e9chelle de Beaufort &#8211; 39 \u00e0 49 km\/h<\/li>\n<li>12 couleurs d&rsquo;armature de s\u00e9rie<\/li>\n<li>+ de 200 coloris de toiles<\/li>\n<li>aluminium laqu\u00e9<\/li>\n<li>pose de face ou sur un plafond<\/li>\n<\/ul>\n<p><strong>Options possibles pour les stores :<\/strong><\/p>\n<ul>\n<li>capteur vent\/soleil<\/li>\n<li>capteur vent\/soleil\/pluie<\/li>\n<li>kit d&rsquo;\u00e9clairage LED<\/li>\n<li>lambrequin disponible en trois formes :\u00a0droit, onde ou vague (uniquement le store semi &#8211; coffre 560 et le store de balcon 112)<\/li>\n<\/ul>\n<p><strong>Nous avons class\u00e9 les stores ext\u00e9rieurs du plus cher au moins cher.<\/strong><\/p>\n<h2><strong>1. Store coffre 136 :\u00a0<\/strong><\/h2>\n<p>Ce <strong>store coffre<\/strong> \u00e0 l&rsquo;avantage de <strong>prot\u00e9ger votre toile des intemp\u00e9ries<\/strong>, de plus ses <strong>bras se replient<\/strong> int\u00e9gralement dans le coffre. Il est donc parfaitement <strong>adapt\u00e9 aux terrasses expos\u00e9es aux intemp\u00e9ries et aux maisons d\u00e9pourvues d&rsquo;avanc\u00e9es de toit<\/strong>. Plus compact que les autres stores coffres, il est toutefois <strong>sensible au vent<\/strong>\u00a0\u00e0 cause du poids de sa barre de charge. C&rsquo;est un des derniers n\u00e9s du fabricant <strong>Mitjavila<\/strong>, il <strong>allie design et performances techniques<\/strong>. Son avanc\u00e9e maximale est de 350\u00a0cm pour une largeur maximale de 595 cm.<\/p>\n<p><strong>Prix store coffre 136 Mitjavila \u00e0 partir de<\/strong>\u00a0<strong>1928 \u20ac<\/strong> installation incluse<\/p>\n<blockquote><p>R\u00e9alisez votre devis en ligne &#8211; Store coffre 136<\/p><\/blockquote>\n<div id=\"attachment_14142\" style=\"width: 581px\" class=\"wp-caption aligncenter\"><img aria-describedby=\"caption-attachment-14142\" loading=\"lazy\" class=\"wp-image-14142\" src=\"https:\/\/www.jaimemonartisan.com\/blog\/app\/uploads\/2017\/02\/store-coffre-136-mitjavila.jpg\" alt=\"Store coffre 136 Mitjavila (cr\u00e9dit photo : Mitjavila )\" width=\"571\" height=\"355\" data-headline=\"Store coffre 136 Mitjavila (cr\u00e9dit photo Jaimemonartisan.com)\" srcset=\"https:\/\/www.jaimemonartisan.com\/blog\/app\/uploads\/2017\/02\/store-coffre-136-mitjavila.jpg 765w, https:\/\/www.jaimemonartisan.com\/blog\/app\/uploads\/2017\/02\/store-coffre-136-mitjavila-300x187.jpg 300w\" sizes=\"(max-width: 571px) 100vw, 571px\" \/><p id=\"caption-attachment-14142\" class=\"wp-caption-text\">Store coffre 136 Mitjavila (cr\u00e9dit photo : Mitjavila )<\/p><\/div>\n<h2><!--HubSpot Call-to-Action Code --><span id=\"hs-cta-wrapper-bb99b1a5-0e5a-401b-bd89-a2281bd4a348\" class=\"hs-cta-wrapper\"><span id=\"hs-cta-bb99b1a5-0e5a-401b-bd89-a2281bd4a348\" class=\"hs-cta-node hs-cta-bb99b1a5-0e5a-401b-bd89-a2281bd4a348\"><!-- [if lte IE 8]>\n\n\n<div id=\"hs-cta-ie-element\"><\/div>\n\n\n<![endif]--><a href=\"https:\/\/cta-redirect.hubspot.com\/cta\/redirect\/7035932\/bb99b1a5-0e5a-401b-bd89-a2281bd4a348\" target=\"_blank\" rel=\"noopener\"><img id=\"hs-cta-img-bb99b1a5-0e5a-401b-bd89-a2281bd4a348\" class=\"hs-cta-img\" style=\"border-width: 0px;\" src=\"https:\/\/no-cache.hubspot.com\/cta\/default\/7035932\/bb99b1a5-0e5a-401b-bd89-a2281bd4a348.png\" alt=\"Devis en ligne\" \/><\/a><\/span><script charset=\"utf-8\" src=\"https:\/\/js.hscta.net\/cta\/current.js\"><\/script><script type=\"text\/javascript\"> hbspt.cta.load(7035932, 'bb99b1a5-0e5a-401b-bd89-a2281bd4a348', {\"useNewLoader\":\"true\",\"region\":\"na1\"}); <\/script><\/span><!-- end HubSpot Call-to-Action Code --><\/h2>\n<h2><strong>2. Store coffre 280 :\u00a0<\/strong><\/h2>\n<p>Ce\u00a0<strong>store coffre<\/strong>\u00a0pr\u00e9serve votre toile des intemp\u00e9ries, il est donc plus utile\u00a0sur des <strong>terrasses expos\u00e9es aux intemp\u00e9ries ou des maisons sans avanc\u00e9es de toit<\/strong>. Ce store en aluminium extrud\u00e9 laqu\u00e9 poss\u00e8de un profil\u00e9 embo\u00eetable avec un lambrequin enroulable. Le store 280 est le store cubique de la gamme, <strong>parfaitement adapt\u00e9 aux poses sur des grandes fa\u00e7ades et tr\u00e8s grandes terrasses<\/strong>. Comme le store de terrasse Warema 700S (pr\u00e9sent\u00e9 dans l&rsquo;article <a href=\"https:\/\/www.jaimemonartisan.com\/blog\/15-idees-de-stores-de-terrasse-modernes\/\" target=\"_blank\" rel=\"noopener\">15 id\u00e9es de stores de terrasse modernes<\/a>), vous pouvez tout \u00e0 fait l&rsquo;utiliser en l&rsquo;ins\u00e9rant dans un logement pr\u00e9vu \u00e0 cet effet dans votre fa\u00e7ade.\u00a0Il est pourvu d&rsquo;une inclinaison jusqu&rsquo;\u00e0 20 degr\u00e9s. Son avanc\u00e9e maximale est de 400 cm pour une largeur maximale de 718 cm.<\/p>\n<p><strong>Prix\u00a0store coffre 280 Mitjavila \u00e0 partir de\u00a01770 \u20ac<\/strong> installation incluse<\/p>\n<blockquote><p>R\u00e9alisez votre devis en ligne &#8211; Store coffre 280<img loading=\"lazy\" class=\"wp-image-14143\" src=\"https:\/\/www.jaimemonartisan.com\/blog\/app\/uploads\/2017\/02\/JaimeMonArtisan-362-1024x886.jpg\" alt=\"Store coffre 280 Mitjavila (cr\u00e9dit photo Jaimemonartisan.com)\" width=\"563\" height=\"487\" data-headline=\"Store coffre 280 Mitjavila (cr\u00e9dit photo Jaimemonartisan.com)\" srcset=\"https:\/\/www.jaimemonartisan.com\/blog\/app\/uploads\/2017\/02\/JaimeMonArtisan-362-1024x886.jpg 1024w, https:\/\/www.jaimemonartisan.com\/blog\/app\/uploads\/2017\/02\/JaimeMonArtisan-362-300x259.jpg 300w, https:\/\/www.jaimemonartisan.com\/blog\/app\/uploads\/2017\/02\/JaimeMonArtisan-362-847x733.jpg 847w, https:\/\/www.jaimemonartisan.com\/blog\/app\/uploads\/2017\/02\/JaimeMonArtisan-362.jpg 1110w\" sizes=\"(max-width: 563px) 100vw, 563px\" \/><\/p><\/blockquote>\n<p>Store coffre 280 Mitjavila (cr\u00e9dit photo Jaimemonartisan.com)<\/p>\n<h2><!--HubSpot Call-to-Action Code --><span id=\"hs-cta-wrapper-bb99b1a5-0e5a-401b-bd89-a2281bd4a348\" class=\"hs-cta-wrapper\"><span id=\"hs-cta-bb99b1a5-0e5a-401b-bd89-a2281bd4a348\" class=\"hs-cta-node hs-cta-bb99b1a5-0e5a-401b-bd89-a2281bd4a348\"><!-- [if lte IE 8]>\n\n\n<div id=\"hs-cta-ie-element\"><\/div>\n\n\n<![endif]--><a href=\"https:\/\/cta-redirect.hubspot.com\/cta\/redirect\/7035932\/bb99b1a5-0e5a-401b-bd89-a2281bd4a348\" target=\"_blank\" rel=\"noopener\"><img id=\"hs-cta-img-bb99b1a5-0e5a-401b-bd89-a2281bd4a348\" class=\"hs-cta-img\" style=\"border-width: 0px;\" src=\"https:\/\/no-cache.hubspot.com\/cta\/default\/7035932\/bb99b1a5-0e5a-401b-bd89-a2281bd4a348.png\" alt=\"Devis en ligne\" \/><\/a><\/span><script charset=\"utf-8\" src=\"https:\/\/js.hscta.net\/cta\/current.js\"><\/script><script type=\"text\/javascript\"> hbspt.cta.load(7035932, 'bb99b1a5-0e5a-401b-bd89-a2281bd4a348', {\"useNewLoader\":\"true\",\"region\":\"na1\"}); <\/script><\/span><!-- end HubSpot Call-to-Action Code --><\/h2>\n<h2><strong>3. Store coffre 260 :\u00a0<\/strong><\/h2>\n<p>Tout comme les deux stores pr\u00e9c\u00e9dents, ce store <strong>coffre<\/strong> pr\u00e9sente les m\u00eames avantages : <strong>robustesse, protection de la toile durant les intemp\u00e9ries, bras repliables<\/strong>.\u00a0Le store 260, est le store le <strong>plus robuste<\/strong> de la gamme Mitjavila, avec son <strong>prix abordable<\/strong> il conviendra aux plus exigeants. Il est possible d&rsquo;incliner ce store jusqu&rsquo;\u00e0\u00a030 degr\u00e9s. Son avanc\u00e9e maximale est de 350 cm pour une largeur maximale de 595 cm.<\/p>\n<p><strong>Prix\u00a0store coffre 260 Mitjavila \u00e0 partir de\u00a01555 \u20ac<\/strong>\u00a0installation incluse<\/p>\n<blockquote><p>R\u00e9alisez votre devis en ligne &#8211; Store coffre 260<\/p><\/blockquote>\n<div id=\"attachment_14144\" style=\"width: 573px\" class=\"wp-caption aligncenter\"><img aria-describedby=\"caption-attachment-14144\" loading=\"lazy\" class=\"wp-image-14144\" src=\"https:\/\/www.jaimemonartisan.com\/blog\/app\/uploads\/2017\/02\/JaimeMonArtisan-311-1024x886.jpg\" alt=\"Store coffre 260 Mitjavila (cr\u00e9dit photo JaimeMonArtisan.com)\" width=\"563\" height=\"487\" data-headline=\"Store coffre 260 Mitjavila (cr\u00e9dit photo Jaimemonartisan.com)\" srcset=\"https:\/\/www.jaimemonartisan.com\/blog\/app\/uploads\/2017\/02\/JaimeMonArtisan-311-1024x886.jpg 1024w, https:\/\/www.jaimemonartisan.com\/blog\/app\/uploads\/2017\/02\/JaimeMonArtisan-311-300x259.jpg 300w, https:\/\/www.jaimemonartisan.com\/blog\/app\/uploads\/2017\/02\/JaimeMonArtisan-311-847x733.jpg 847w, https:\/\/www.jaimemonartisan.com\/blog\/app\/uploads\/2017\/02\/JaimeMonArtisan-311.jpg 1110w\" sizes=\"(max-width: 563px) 100vw, 563px\" \/><p id=\"caption-attachment-14144\" class=\"wp-caption-text\">Store coffre 260 Mitjavila (cr\u00e9dit photo JaimeMonArtisan.com)<\/p><\/div>\n<p style=\"text-align: center;\"><a class=\"maxbutton-3 maxbutton maxbutton-lien-classique\" target=\"_blank\" href=\"javascript:void(0);\"><span class='mb-text'>D\u00e9couvrir le Store Rayy<\/span><\/a>\n<h2><!--HubSpot Call-to-Action Code --><span id=\"hs-cta-wrapper-bb99b1a5-0e5a-401b-bd89-a2281bd4a348\" class=\"hs-cta-wrapper\"><span id=\"hs-cta-bb99b1a5-0e5a-401b-bd89-a2281bd4a348\" class=\"hs-cta-node hs-cta-bb99b1a5-0e5a-401b-bd89-a2281bd4a348\"><!-- [if lte IE 8]>\n\n\n<div id=\"hs-cta-ie-element\"><\/div>\n\n\n<![endif]--><a href=\"https:\/\/cta-redirect.hubspot.com\/cta\/redirect\/7035932\/bb99b1a5-0e5a-401b-bd89-a2281bd4a348\" target=\"_blank\" rel=\"noopener\"><img id=\"hs-cta-img-bb99b1a5-0e5a-401b-bd89-a2281bd4a348\" class=\"hs-cta-img\" style=\"border-width: 0px;\" src=\"https:\/\/no-cache.hubspot.com\/cta\/default\/7035932\/bb99b1a5-0e5a-401b-bd89-a2281bd4a348.png\" alt=\"Devis en ligne\" \/><\/a><\/span><script charset=\"utf-8\" src=\"https:\/\/js.hscta.net\/cta\/current.js\"><\/script><script type=\"text\/javascript\"> hbspt.cta.load(7035932, 'bb99b1a5-0e5a-401b-bd89-a2281bd4a348', {\"useNewLoader\":\"true\",\"region\":\"na1\"}); <\/script><\/span><!-- end HubSpot Call-to-Action Code --><\/h2>\n<h2><strong>4. Store coffre 125v2 :\u00a0<\/strong><\/h2>\n<p>Le store <strong>coffre<\/strong> 125v2 est <strong>id\u00e9al pour les petites terrasses et les petits budgets<\/strong>, car il est tr\u00e8s compact une fois ferm\u00e9. Il pr\u00e9sente les m\u00eames caract\u00e9ristiques techniques que les trois stores pr\u00e9sent\u00e9s plus haut. Son profil fin, vous assure un<strong> r\u00e9sultat discret<\/strong> et en accord avec votre terrasse, quelque soit le type d&rsquo;architecture de celle-ci. Avec<strong> sa forte inclinaison<\/strong>, jusqu&rsquo;\u00e0 80 degr\u00e9s, il est <strong>parfaitement adapt\u00e9 pour un balcon<\/strong>. Son avanc\u00e9e maximale est de 300 cm pour une largeur maximale de 480 cm.<\/p>\n<p><strong>Prix\u00a0store coffre 125v2\u00a0Mitjavila \u00e0 partir de\u00a01415 \u20ac<\/strong>\u00a0installation incluse<\/p>\n<blockquote><p>R\u00e9alisez votre devis en ligne &#8211; Store coffre 125v2<\/p><\/blockquote>\n<div id=\"attachment_14145\" style=\"width: 579px\" class=\"wp-caption aligncenter\"><img aria-describedby=\"caption-attachment-14145\" loading=\"lazy\" class=\"wp-image-14145\" src=\"https:\/\/www.jaimemonartisan.com\/blog\/app\/uploads\/2017\/02\/JaimeMonArtisan-345-1024x886.jpg\" alt=\"Store coffre 125v2, Mitjavila (cr\u00e9dit photo JaimeMonArtisan.com)\" width=\"569\" height=\"492\" data-headline=\"Store coffre 125v2, Mitjavila (cr\u00e9dit photo Jaimemonartisan.com)\" srcset=\"https:\/\/www.jaimemonartisan.com\/blog\/app\/uploads\/2017\/02\/JaimeMonArtisan-345-1024x886.jpg 1024w, https:\/\/www.jaimemonartisan.com\/blog\/app\/uploads\/2017\/02\/JaimeMonArtisan-345-300x259.jpg 300w, https:\/\/www.jaimemonartisan.com\/blog\/app\/uploads\/2017\/02\/JaimeMonArtisan-345-847x733.jpg 847w, https:\/\/www.jaimemonartisan.com\/blog\/app\/uploads\/2017\/02\/JaimeMonArtisan-345.jpg 1110w\" sizes=\"(max-width: 569px) 100vw, 569px\" \/><p id=\"caption-attachment-14145\" class=\"wp-caption-text\">Store coffre 125v2, Mitjavila (cr\u00e9dit photo JaimeMonArtisan.com)<\/p><\/div>\n<h2><!--HubSpot Call-to-Action Code --><span id=\"hs-cta-wrapper-bb99b1a5-0e5a-401b-bd89-a2281bd4a348\" class=\"hs-cta-wrapper\"><span id=\"hs-cta-bb99b1a5-0e5a-401b-bd89-a2281bd4a348\" class=\"hs-cta-node hs-cta-bb99b1a5-0e5a-401b-bd89-a2281bd4a348\"><!-- [if lte IE 8]>\n\n\n<div id=\"hs-cta-ie-element\"><\/div>\n\n\n<![endif]--><a href=\"https:\/\/cta-redirect.hubspot.com\/cta\/redirect\/7035932\/bb99b1a5-0e5a-401b-bd89-a2281bd4a348\" target=\"_blank\" rel=\"noopener\"><img id=\"hs-cta-img-bb99b1a5-0e5a-401b-bd89-a2281bd4a348\" class=\"hs-cta-img\" style=\"border-width: 0px;\" src=\"https:\/\/no-cache.hubspot.com\/cta\/default\/7035932\/bb99b1a5-0e5a-401b-bd89-a2281bd4a348.png\" alt=\"Devis en ligne\" \/><\/a><\/span><script charset=\"utf-8\" src=\"https:\/\/js.hscta.net\/cta\/current.js\"><\/script><script type=\"text\/javascript\"> hbspt.cta.load(7035932, 'bb99b1a5-0e5a-401b-bd89-a2281bd4a348', {\"useNewLoader\":\"true\",\"region\":\"na1\"}); <\/script><\/span><!-- end HubSpot Call-to-Action Code --><\/h2>\n<h2><strong>5. Store semi coffre 560\u00a0:\u00a0<\/strong><\/h2>\n<p>Le store <strong>semi-coffre<\/strong> est un compromis entre le store coffre et le store monobloc.\u00a0En effet, la <strong>toile est enti\u00e8rement prot\u00e9g\u00e9e<\/strong> \u00e0 l\u2019int\u00e9rieur du coffre ce qui <strong>augmente la dur\u00e9e de vie<\/strong> de celle-ci. Seule celle-ci\u00a0rentre \u00e0 l\u2019int\u00e9rieur du coffre, tandis que les bras se replient et sont dissimul\u00e9s par le lambrequin. <strong>Plus l\u00e9ger<\/strong> que le store coffre et donc plus <strong>adapt\u00e9 aux terrasses fortement expos\u00e9es aux vents<\/strong> et de grandes avanc\u00e9es, il r\u00e9siste mieux au vent. Il est de plus, <strong>esth\u00e9tique, fin, au design plus effil\u00e9<\/strong> qu&rsquo;un store coffre. Avec son inclinaison allant jusqu&rsquo;\u00e0 35 degr\u00e9s, il vous permettra de<strong> vous prot\u00e9ger des rayons rasant du soleil<\/strong> si votre terrasse est expos\u00e9e \u00e0 l&rsquo;Est ou \u00e0 l&rsquo;Ouest. Son avanc\u00e9e maximale est de 300 cm pour une largeur maximale de 598 cm.<\/p>\n<p><strong>Prix\u00a0store semi coffre 560\u00a0Mitjavila \u00e0 partir de\u00a01200 \u20ac<\/strong>\u00a0installation incluse<\/p>\n<blockquote><p>R\u00e9alisez votre devis en ligne &#8211; Store semi &#8211; coffre 560<\/p><\/blockquote>\n<div id=\"attachment_14146\" style=\"width: 576px\" class=\"wp-caption aligncenter\"><img aria-describedby=\"caption-attachment-14146\" loading=\"lazy\" class=\"wp-image-14146\" src=\"https:\/\/www.jaimemonartisan.com\/blog\/app\/uploads\/2017\/02\/1_Store-semi-coffre-560-Gris-Anthracite-RAL-7016-Toile-Ardoise-8203-1024x886.jpg\" alt=\"Store semi - coffre 560 Mitjavila (cr\u00e9dit photo JaimeMonArtisan.com)\" width=\"566\" height=\"490\" data-headline=\"Store semi - coffre 560 Mitjavila (cr\u00e9dit photo Jaimemonartisan.com)\" srcset=\"https:\/\/www.jaimemonartisan.com\/blog\/app\/uploads\/2017\/02\/1_Store-semi-coffre-560-Gris-Anthracite-RAL-7016-Toile-Ardoise-8203-1024x886.jpg 1024w, https:\/\/www.jaimemonartisan.com\/blog\/app\/uploads\/2017\/02\/1_Store-semi-coffre-560-Gris-Anthracite-RAL-7016-Toile-Ardoise-8203-300x259.jpg 300w, https:\/\/www.jaimemonartisan.com\/blog\/app\/uploads\/2017\/02\/1_Store-semi-coffre-560-Gris-Anthracite-RAL-7016-Toile-Ardoise-8203-847x733.jpg 847w, https:\/\/www.jaimemonartisan.com\/blog\/app\/uploads\/2017\/02\/1_Store-semi-coffre-560-Gris-Anthracite-RAL-7016-Toile-Ardoise-8203.jpg 1110w\" sizes=\"(max-width: 566px) 100vw, 566px\" \/><p id=\"caption-attachment-14146\" class=\"wp-caption-text\">Store semi &#8211; coffre 560 Mitjavila (cr\u00e9dit photo JaimeMonArtisan.com)<\/p><\/div>\n<h2><!--HubSpot Call-to-Action Code --><span id=\"hs-cta-wrapper-bb99b1a5-0e5a-401b-bd89-a2281bd4a348\" class=\"hs-cta-wrapper\"><span id=\"hs-cta-bb99b1a5-0e5a-401b-bd89-a2281bd4a348\" class=\"hs-cta-node hs-cta-bb99b1a5-0e5a-401b-bd89-a2281bd4a348\"><!-- [if lte IE 8]>\n\n\n<div id=\"hs-cta-ie-element\"><\/div>\n\n\n<![endif]--><a href=\"https:\/\/cta-redirect.hubspot.com\/cta\/redirect\/7035932\/bb99b1a5-0e5a-401b-bd89-a2281bd4a348\" target=\"_blank\" rel=\"noopener\"><img id=\"hs-cta-img-bb99b1a5-0e5a-401b-bd89-a2281bd4a348\" class=\"hs-cta-img\" style=\"border-width: 0px;\" src=\"https:\/\/no-cache.hubspot.com\/cta\/default\/7035932\/bb99b1a5-0e5a-401b-bd89-a2281bd4a348.png\" alt=\"Devis en ligne\" \/><\/a><\/span><script charset=\"utf-8\" src=\"https:\/\/js.hscta.net\/cta\/current.js\"><\/script><script type=\"text\/javascript\"> hbspt.cta.load(7035932, 'bb99b1a5-0e5a-401b-bd89-a2281bd4a348', {\"useNewLoader\":\"true\",\"region\":\"na1\"}); <\/script><\/span><!-- end HubSpot Call-to-Action Code --><\/h2>\n<h2><strong>6. Store de balcon 112 :\u00a0<\/strong><\/h2>\n<p>Ce store loggia est con\u00e7u pour les<strong> balcons et les terrasses<\/strong>, avec une inclinaison de 90 degr\u00e9s, il vous <strong>prot\u00e9gera parfaitement des rayons du soleil<\/strong> durant toute la journ\u00e9e. Il faut n\u00e9anmoins faire <strong>attention<\/strong>, avec ce store, votre toile ne sera <strong>pas prot\u00e9g\u00e9e des intemp\u00e9ries<\/strong> puisqu&rsquo;elle ne dispose pas d&rsquo;un coffre. Gr\u00e2ce \u00e0 sa <strong>conception simple et \u00e9pur\u00e9<\/strong>, c&rsquo;est le <strong>plus \u00e9conomique<\/strong> de tous les stores propos\u00e9s par Mitjavila, et ce, <strong>sans rogner sur la qualit\u00e9<\/strong>. Il dispose d&rsquo;une avanc\u00e9e maximale de 250 cm avec une largeur maximale de 480 cm.<\/p>\n<p><strong>Prix\u00a0store de balcon 112\u00a0Mitjavila \u00e0 partir de 908 \u20ac<\/strong>\u00a0installation incluse<\/p>\n<blockquote><p>R\u00e9alisez votre devis en ligne &#8211; Store de balcon 112<\/p><\/blockquote>\n<div id=\"attachment_14148\" style=\"width: 595px\" class=\"wp-caption aligncenter\"><img aria-describedby=\"caption-attachment-14148\" loading=\"lazy\" class=\"wp-image-14148\" src=\"https:\/\/www.jaimemonartisan.com\/blog\/app\/uploads\/2017\/02\/1_Store-de-balcon-112-Blanc-Pur-RAL-9010-Toile-3914-Rouge-1024x886.jpg\" alt=\"Store de balcon 112 Mitjavila (cr\u00e9dit photo Jaimemonartisan.com)\" width=\"585\" height=\"506\" data-headline=\"Store de balcon 112 Mitjavila (cr\u00e9dit photo Jaimemonartisan.com)\" srcset=\"https:\/\/www.jaimemonartisan.com\/blog\/app\/uploads\/2017\/02\/1_Store-de-balcon-112-Blanc-Pur-RAL-9010-Toile-3914-Rouge-1024x886.jpg 1024w, https:\/\/www.jaimemonartisan.com\/blog\/app\/uploads\/2017\/02\/1_Store-de-balcon-112-Blanc-Pur-RAL-9010-Toile-3914-Rouge-300x259.jpg 300w, https:\/\/www.jaimemonartisan.com\/blog\/app\/uploads\/2017\/02\/1_Store-de-balcon-112-Blanc-Pur-RAL-9010-Toile-3914-Rouge-847x733.jpg 847w, https:\/\/www.jaimemonartisan.com\/blog\/app\/uploads\/2017\/02\/1_Store-de-balcon-112-Blanc-Pur-RAL-9010-Toile-3914-Rouge.jpg 1110w\" sizes=\"(max-width: 585px) 100vw, 585px\" \/><p id=\"caption-attachment-14148\" class=\"wp-caption-text\">Store de balcon 112 Mitjavila (cr\u00e9dit photo Jaimemonartisan.com)<\/p><\/div>\n<p>Voil\u00e0, vous disposez maintenant de tous nos tuyaux \u00a0pour choisir entre tous les stores ext\u00e9rieurs du fabricant <b>Mitjavila<\/b>\u00a0! N\u2019h\u00e9sitez pas \u00e0 parcourir le site\u00a0<a href=\"https:\/\/www.jaimemonartisan.com\/prix-store-exterieur\/11\">JaimeMonArtisan.com<\/a>\u00a0pour trouver le store ext\u00e9rieur\u00a0qui conviendra parfaitement \u00e0 vos besoins.<\/p>\n<p>&nbsp;<\/p>\n<p style=\"text-align: center;\"><a class=\"maxbutton-3 maxbutton maxbutton-lien-classique\" target=\"_blank\" href=\"https:\/\/www.rayy.fr\/devis-store-banne\/\"><span class='mb-text'>Demander un DEVIS<\/span><\/a>\n<p>&nbsp;<\/p>\n","protected":false},"excerpt":{"rendered":"<p>Vous cherchez un store ext\u00e9rieur qui allie confort, design,\u00a0r\u00e9sistance au vent et protections aux UV\u00a0? Voici notre\u00a0TOP 6\u00a0des stores ext\u00e9rieurs\u00a0du fabricant Mitjavila. Cet article va vous permettre de choisir un&#8230;<\/p>\n","protected":false},"author":2,"featured_media":14247,"comment_status":"open","ping_status":"open","sticky":false,"template":"","format":"standard","meta":[],"categories":[4],"tags":[311],"yoast_head":"<!-- This site is optimized with the Yoast SEO plugin v15.9.2 - https:\/\/yoast.com\/wordpress\/plugins\/seo\/ -->\n<title>Le top 6 des stores ext\u00e9rieurs Mitjavila<\/title>\n<meta name=\"description\" content=\"JaimeMonArtisan.com vous aide \u00e0 choisir parmi les stores ext\u00e9rieurs. Nous vous pr\u00e9sentons le top 6 des stores ext\u00e9rieurs Mitjavila.\" \/>\n<link rel=\"canonical\" href=\"https:\/\/www.jaimemonartisan.com\/blog\/top-6-stores-exterieurs-mitjavila\/\" \/>\n<meta property=\"og:locale\" content=\"fr_FR\" \/>\n<meta property=\"og:type\" content=\"article\" \/>\n<meta property=\"og:title\" content=\"Le top 6 des stores ext\u00e9rieurs Mitjavila\" \/>\n<meta property=\"og:description\" content=\"JaimeMonArtisan.com vous aide \u00e0 choisir parmi les stores ext\u00e9rieurs. Nous vous pr\u00e9sentons le top 6 des stores ext\u00e9rieurs Mitjavila.\" \/>\n<meta property=\"og:url\" content=\"https:\/\/www.jaimemonartisan.com\/blog\/top-6-stores-exterieurs-mitjavila\/\" \/>\n<meta property=\"og:site_name\" content=\"Blog de J\u2019aime Mon Artisan\" \/>\n<meta property=\"article:publisher\" content=\"https:\/\/www.facebook.com\/jaimemonartisan\" \/>\n<meta property=\"article:published_time\" content=\"2017-02-14T09:55:07+00:00\" \/>\n<meta property=\"article:modified_time\" content=\"2024-01-16T13:38:37+00:00\" \/>\n<meta property=\"og:image\" content=\"https:\/\/www.jaimemonartisan.com\/blog\/app\/uploads\/2018\/07\/Capture-2.jpg\" \/>\n\t<meta property=\"og:image:width\" content=\"1016\" \/>\n\t<meta property=\"og:image:height\" content=\"508\" \/>\n<meta name=\"twitter:card\" content=\"summary\" \/>\n<meta name=\"twitter:creator\" content=\"@JaimeMonArtisan\" \/>\n<meta name=\"twitter:site\" content=\"@JaimeMonArtisan\" \/>\n<meta name=\"twitter:label1\" content=\"Est. reading time\">\n\t<meta name=\"twitter:data1\" content=\"8 minutes\">\n<script type=\"application\/ld+json\" class=\"yoast-schema-graph\">{\"@context\":\"https:\/\/schema.org\",\"@graph\":[{\"@type\":\"WebSite\",\"@id\":\"https:\/\/www.jaimemonartisan.com\/blog\/#website\",\"url\":\"https:\/\/www.jaimemonartisan.com\/blog\/\",\"name\":\"Blog de J\\u2019aime Mon Artisan\",\"description\":\"Des conseils, inspirations, tendances, guides et actualit\\u00e9s pour vos projets d\\u2019habitat et des annonces sur ceux qui construisent J\\u2019aime Mon Artisan\",\"potentialAction\":[{\"@type\":\"SearchAction\",\"target\":\"https:\/\/www.jaimemonartisan.com\/blog\/?s={search_term_string}\",\"query-input\":\"required name=search_term_string\"}],\"inLanguage\":\"fr-FR\"},{\"@type\":\"ImageObject\",\"@id\":\"https:\/\/www.jaimemonartisan.com\/blog\/top-6-stores-exterieurs-mitjavila\/#primaryimage\",\"inLanguage\":\"fr-FR\",\"url\":\"https:\/\/www.jaimemonartisan.com\/blog\/app\/uploads\/2018\/07\/Capture-2.jpg\",\"width\":1016,\"height\":508},{\"@type\":\"WebPage\",\"@id\":\"https:\/\/www.jaimemonartisan.com\/blog\/top-6-stores-exterieurs-mitjavila\/#webpage\",\"url\":\"https:\/\/www.jaimemonartisan.com\/blog\/top-6-stores-exterieurs-mitjavila\/\",\"name\":\"Le top 6 des stores ext\\u00e9rieurs Mitjavila\",\"isPartOf\":{\"@id\":\"https:\/\/www.jaimemonartisan.com\/blog\/#website\"},\"primaryImageOfPage\":{\"@id\":\"https:\/\/www.jaimemonartisan.com\/blog\/top-6-stores-exterieurs-mitjavila\/#primaryimage\"},\"datePublished\":\"2017-02-14T09:55:07+00:00\",\"dateModified\":\"2024-01-16T13:38:37+00:00\",\"author\":{\"@id\":\"https:\/\/www.jaimemonartisan.com\/blog\/#\/schema\/person\/7e1e6bb8d10d0d5070a22f0c250daf42\"},\"description\":\"JaimeMonArtisan.com vous aide \\u00e0 choisir parmi les stores ext\\u00e9rieurs. Nous vous pr\\u00e9sentons le top 6 des stores ext\\u00e9rieurs Mitjavila.\",\"breadcrumb\":{\"@id\":\"https:\/\/www.jaimemonartisan.com\/blog\/top-6-stores-exterieurs-mitjavila\/#breadcrumb\"},\"inLanguage\":\"fr-FR\",\"potentialAction\":[{\"@type\":\"ReadAction\",\"target\":[\"https:\/\/www.jaimemonartisan.com\/blog\/top-6-stores-exterieurs-mitjavila\/\"]}]},{\"@type\":\"BreadcrumbList\",\"@id\":\"https:\/\/www.jaimemonartisan.com\/blog\/top-6-stores-exterieurs-mitjavila\/#breadcrumb\",\"itemListElement\":[{\"@type\":\"ListItem\",\"position\":1,\"item\":{\"@type\":\"WebPage\",\"@id\":\"https:\/\/www.jaimemonartisan.com\/blog\/\",\"url\":\"https:\/\/www.jaimemonartisan.com\/blog\/\",\"name\":\"Accueil\"}},{\"@type\":\"ListItem\",\"position\":2,\"item\":{\"@type\":\"WebPage\",\"@id\":\"https:\/\/www.jaimemonartisan.com\/blog\/top-6-stores-exterieurs-mitjavila\/\",\"url\":\"https:\/\/www.jaimemonartisan.com\/blog\/top-6-stores-exterieurs-mitjavila\/\",\"name\":\"TOP 6 des stores ext\\u00e9rieurs du fabricant Mitjavila\"}}]},{\"@type\":\"Person\",\"@id\":\"https:\/\/www.jaimemonartisan.com\/blog\/#\/schema\/person\/7e1e6bb8d10d0d5070a22f0c250daf42\",\"name\":\"Baptiste Caspar\",\"image\":{\"@type\":\"ImageObject\",\"@id\":\"https:\/\/www.jaimemonartisan.com\/blog\/#personlogo\",\"inLanguage\":\"fr-FR\",\"url\":\"https:\/\/secure.gravatar.com\/avatar\/967f4fa3593a7d27c59f8b03e8c3f6bf?s=96&d=mm&r=g\",\"caption\":\"Baptiste Caspar\"}}]}<\/script>\n<!-- \/ Yoast SEO plugin. -->","_links":{"self":[{"href":"https:\/\/www.jaimemonartisan.com\/blog\/wp-json\/wp\/v2\/posts\/7834"}],"collection":[{"href":"https:\/\/www.jaimemonartisan.com\/blog\/wp-json\/wp\/v2\/posts"}],"about":[{"href":"https:\/\/www.jaimemonartisan.com\/blog\/wp-json\/wp\/v2\/types\/post"}],"author":[{"embeddable":true,"href":"https:\/\/www.jaimemonartisan.com\/blog\/wp-json\/wp\/v2\/users\/2"}],"replies":[{"embeddable":true,"href":"https:\/\/www.jaimemonartisan.com\/blog\/wp-json\/wp\/v2\/comments?post=7834"}],"version-history":[{"count":33,"href":"https:\/\/www.jaimemonartisan.com\/blog\/wp-json\/wp\/v2\/posts\/7834\/revisions"}],"predecessor-version":[{"id":14319,"href":"https:\/\/www.jaimemonartisan.com\/blog\/wp-json\/wp\/v2\/posts\/7834\/revisions\/14319"}],"wp:featuredmedia":[{"embeddable":true,"href":"https:\/\/www.jaimemonartisan.com\/blog\/wp-json\/wp\/v2\/media\/14247"}],"wp:attachment":[{"href":"https:\/\/www.jaimemonartisan.com\/blog\/wp-json\/wp\/v2\/media?parent=7834"}],"wp:term":[{"taxonomy":"category","embeddable":true,"href":"https:\/\/www.jaimemonartisan.com\/blog\/wp-json\/wp\/v2\/categories?post=7834"},{"taxonomy":"post_tag","embeddable":true,"href":"https:\/\/www.jaimemonartisan.com\/blog\/wp-json\/wp\/v2\/tags?post=7834"}],"curies":[{"name":"wp","href":"https:\/\/api.w.org\/{rel}","templated":true}]}}