{"id":6853,"date":"2017-12-04T09:52:59","date_gmt":"2017-12-04T08:52:59","guid":{"rendered":"https:\/\/www.jaimemonartisan.com\/blog\/?p=6853"},"modified":"2019-02-22T16:00:40","modified_gmt":"2019-02-22T15:00:40","slug":"top-10-portes-dentree-aluminium-belm","status":"publish","type":"post","link":"https:\/\/www.jaimemonartisan.com\/blog\/top-10-portes-dentree-aluminium-belm\/","title":{"rendered":"TOP 10 des portes d\u2019entr\u00e9e aluminium du fabricant Bel\u2019m"},"content":{"rendered":"<p class=\"lead\">Voici notre\u00a0<strong>TOP 10\u00a0des portes d&rsquo;entr\u00e9e aluminium<\/strong>\u00a0du fabricant\u00a0<a href=\"http:\/\/www.belm.fr\/\" target=\"_blank\"><strong>Bel\u2019m<\/strong><\/a>. Vous cherchez une porte d\u2019entr\u00e9e aluminium Made In<strong>\u00a0&#x1f1eb;&#x1f1f7;<\/strong>\u00a0qui allie finesse, robustesse et\u00a0 personnalisation ? Cet article va vous permettre de choisir un mod\u00e8le de porte qui vous ressemble, adapt\u00e9e \u00e0 votre budget ainsi qu\u2019\u00e0 vos priorit\u00e9s.<\/p>\n<p><!--more--><\/p>\n<p>Pour vous aider \u00e0 vous retrouver dans ce classement, nous avons class\u00e9 les portes d\u2019entr\u00e9e en 3 cat\u00e9gories :<\/p>\n<ol>\n<li><strong>Les portes classiques<\/strong><\/li>\n<li><strong>Les portes contemporaines<\/strong><\/li>\n<li><strong>Les portes modernes<\/strong><\/li>\n<\/ol>\n<blockquote><p><a href=\"https:\/\/www.jaimemonartisan.com\/blog\/bien-choisir-sa-porte-entree\/\" target=\"_blank\"><strong>Pourquoi choisir une porte d\u2019entr\u00e9e en aluminium<\/strong>\u00a0? <\/a><\/p>\n<p>L\u2019aluminium est de par sa forme premi\u00e8re un m\u00e9tal mou, mall\u00e9able qui est l\u00e9ger. Mais, il est surtout connu pour sa faible densit\u00e9 et sa remarquable r\u00e9sistance \u00e0 l\u2019oxydation. Il est de fait sans entretien et tr\u00e8s r\u00e9sistant. Les portes en aluminium sont ainsi plus solides que celles en PVC, demandent moins d\u2019entretien que celles en bois. Elles associent alors la robustesse et la s\u00e9curit\u00e9 maximum pour leurs utilisateurs.<\/p><\/blockquote>\n<h2>Les portes classiques<\/h2>\n<h3>Porte d&rsquo;entr\u00e9e\u00a0aluminium mod\u00e8le No\u00e9<\/h3>\n<div id=\"attachment_8186\" style=\"width: 139px\" class=\"wp-caption aligncenter\"><img aria-describedby=\"caption-attachment-8186\" loading=\"lazy\" class=\"wp-image-8186 size-medium\" src=\"https:\/\/www.jaimemonartisan.com\/blog\/app\/uploads\/2016\/12\/Porte-dentr\u00e9e-alu-No\u00e9-cr\u00e9dit-photo-Belm-129x300.jpg\" alt=\"Porte d'entr\u00e9e alu No\u00e9 cr\u00e9dit photo Bel'm\" width=\"129\" height=\"300\" data-headline=\"Porte d'entr\u00e9e alu No\u00e9 cr\u00e9dit photo Bel'm\" srcset=\"https:\/\/www.jaimemonartisan.com\/blog\/app\/uploads\/2016\/12\/Porte-dentr\u00e9e-alu-No\u00e9-cr\u00e9dit-photo-Belm-129x300.jpg 129w, https:\/\/www.jaimemonartisan.com\/blog\/app\/uploads\/2016\/12\/Porte-dentr\u00e9e-alu-No\u00e9-cr\u00e9dit-photo-Belm.jpg 207w\" sizes=\"(max-width: 129px) 100vw, 129px\" \/><p id=\"caption-attachment-8186\" class=\"wp-caption-text\">Porte d&rsquo;entr\u00e9e alu No\u00e9 (cr\u00e9dit photo Bel&rsquo;m)<\/p><\/div>\n<p>Elle est par d\u00e9finition le classique pour les portes d\u2019entr\u00e9e pleine, avec son style du XIX\u00e8me si\u00e8cle.\u00a0Elle vous offrira une entr\u00e9e \u00e9l\u00e9gante, gr\u00e2ce \u00e0 ses moulures cossues, son design est \u00e0 la fois sobre et luxueux. Si vous cherchez une porte d\u2019entr\u00e9e classique, \u00e9l\u00e9gante et chic, la porte No\u00e9 est pour vous !<\/p>\n<p><strong>Performances de la porte d&rsquo;entr\u00e9e aluminium No\u00e9\u00a0<\/strong><\/p>\n<ul>\n<li>Isolation Thermique : Ud = de 0,89 \u00e0 1,0 W\/(m2.K)<\/li>\n<li>Isolation Acoustique : 36 dB<\/li>\n<li>Isolation Air-Eau-Vent :\u00a0A*4 E*6B V*C3<\/li>\n<\/ul>\n<p style=\"text-align: center;\"><strong>Prix porte d\u2019entr\u00e9e No\u00e9\u00a0\u00e0 partir de 2\u00a0440 \u20ac TTC &#8211; Installation\u00a0incluse<\/strong> <span class='maxbutton-4-container mb-container'><a class=\"maxbutton-4 maxbutton maxbutton-lien-classique\" target=\"_blank\" href=\"https:\/\/www.jaimemonartisan.com\/prix-porte-dentree-aluminium-noe-1\/all\/1704\"><span class='mb-text'>Commandez la porte d\u2019entr\u00e9e en aluminium No\u00e9 \u2192<\/span><\/a><\/span>\n<h3>Porte d&rsquo;entr\u00e9e\u00a0aluminium mod\u00e8le Isaac<\/h3>\n<div id=\"attachment_8187\" style=\"width: 139px\" class=\"wp-caption aligncenter\"><img aria-describedby=\"caption-attachment-8187\" loading=\"lazy\" class=\"wp-image-8187 size-medium\" src=\"https:\/\/www.jaimemonartisan.com\/blog\/app\/uploads\/2016\/12\/Porte-dentr\u00e9e-alu-isaac-cr\u00e9dit-photo-Belm-129x300.jpg\" alt=\"Porte d'entr\u00e9e alu isaac cr\u00e9dit photo Bel'm\" width=\"129\" height=\"300\" data-headline=\"Porte d'entr\u00e9e alu isaac cr\u00e9dit photo Bel'm\" srcset=\"https:\/\/www.jaimemonartisan.com\/blog\/app\/uploads\/2016\/12\/Porte-dentr\u00e9e-alu-isaac-cr\u00e9dit-photo-Belm-129x300.jpg 129w, https:\/\/www.jaimemonartisan.com\/blog\/app\/uploads\/2016\/12\/Porte-dentr\u00e9e-alu-isaac-cr\u00e9dit-photo-Belm.jpg 208w\" sizes=\"(max-width: 129px) 100vw, 129px\" \/><p id=\"caption-attachment-8187\" class=\"wp-caption-text\">Porte d&rsquo;entr\u00e9e alu isaac (cr\u00e9dit photo Bel&rsquo;m)<\/p><\/div>\n<p>La porte aluminium Isaac poss\u00e8de elle, un style vintage associ\u00e9 \u00e0 un charme r\u00e9tro traditionnel.\u00a0Elle est compos\u00e9e d&rsquo;une partie vitr\u00e9e qui occupe un tiers de la porte, apportant ainsi plus de luminosit\u00e9 \u00e0 votre entr\u00e9e. De plus elle poss\u00e8de des petits bois de plomb, tout \u00e0 fait dans le style vintage et r\u00e9tro. Si vous cherchez une porte d&rsquo;entr\u00e9e au caract\u00e8re affirm\u00e9, celle-ci est faite pour vous !<\/p>\n<p><strong>Performances de la porte d&rsquo;entr\u00e9e en aluminium Isaac<\/strong><\/p>\n<ul>\n<li>Isolation Thermique : Ud = de 1,2 \u00e0 1,5 W (m2.K)<\/li>\n<li>Isolation Acoustique :\u00a0\/<\/li>\n<li>Isolation Air-Eau-Vent : A*3E*4B V*C3<\/li>\n<\/ul>\n<p style=\"text-align: center;\"><strong>Prix porte d\u2019entr\u00e9e en aluminium mod\u00e8le ISAAC \u00e0 partir de 2 820 \u20ac TTC &#8211; Installation incluse\u00a0<\/strong><span class='maxbutton-4-container mb-container'><a class=\"maxbutton-4 maxbutton maxbutton-lien-classique\" target=\"_blank\" href=\"https:\/\/www.jaimemonartisan.com\/prix-porte-dentree-aluminium-isaac-1\/all\/1703\"><span class='mb-text'>Commander la porte d\u2019entr\u00e9e en aluminium Isaac \u2192<\/span><\/a><\/span>\n<h2>Les portes contemporaines<\/h2>\n<h3>Porte d&rsquo;entr\u00e9e aluminium mod\u00e8le Virgule<\/h3>\n<div id=\"attachment_8189\" style=\"width: 141px\" class=\"wp-caption aligncenter\"><img aria-describedby=\"caption-attachment-8189\" loading=\"lazy\" class=\"size-medium wp-image-8189\" src=\"https:\/\/www.jaimemonartisan.com\/blog\/app\/uploads\/2016\/12\/Porte-dentr\u00e9e-alu-Virgule-cr\u00e9dit-photo-Belm-131x300.jpg\" alt=\"Porte d'entr\u00e9e alu Virgule (cr\u00e9dit photo Bel'm)\" width=\"131\" height=\"300\" data-headline=\"Porte d'entr\u00e9e alu Virgule (cr\u00e9dit photo Bel'm)\" srcset=\"https:\/\/www.jaimemonartisan.com\/blog\/app\/uploads\/2016\/12\/Porte-dentr\u00e9e-alu-Virgule-cr\u00e9dit-photo-Belm-131x300.jpg 131w, https:\/\/www.jaimemonartisan.com\/blog\/app\/uploads\/2016\/12\/Porte-dentr\u00e9e-alu-Virgule-cr\u00e9dit-photo-Belm.jpg 211w\" sizes=\"(max-width: 131px) 100vw, 131px\" \/><p id=\"caption-attachment-8189\" class=\"wp-caption-text\">Porte d&rsquo;entr\u00e9e alu Virgule (cr\u00e9dit photo Bel&rsquo;m)<\/p><\/div>\n<p>C&rsquo;est la plus originale des portes contemporaines pr\u00e9sent\u00e9es ici. Sa vitre est unique avec des lignes asym\u00e9triques du vitrage sabl\u00e9 qui rappellent celles du panneau. Vous apporterez \u00e0 votre entr\u00e9e plus de luminosit\u00e9 et d&rsquo;\u00e9l\u00e9gance en choisissant cette porte.<\/p>\n<p><strong>Performances de la porte d&rsquo;entr\u00e9e en aluminium Virgule\u00a0<\/strong><\/p>\n<ul>\n<li>Isolation Thermique : Ud = de 1,1 \u00e0 1,4 W (m2K)<\/li>\n<li>Isolation Acoustique : 36 dB<\/li>\n<li>Isolation Air-Eau-Vent :\u00a0A*3 E*4B V*C3<\/li>\n<\/ul>\n<p style=\"text-align: center;\"><strong>Prix porte d\u2019entr\u00e9e en aluminium VIRGULE \u00e0 partir de 2 540 \u20ac\u00a0TTC &#8211;\u00a0Installation incluse<\/strong><span style=\"color: #808080;\"><em>\u00a0\u00a0<\/em><\/span><span class='maxbutton-4-container mb-container'><a class=\"maxbutton-4 maxbutton maxbutton-lien-classique\" target=\"_blank\" href=\"https:\/\/www.jaimemonartisan.com\/prix-porte-dentree-aluminium-virgule-1\/all\/1712\"><span class='mb-text'>Commander la porte d\u2019entr\u00e9e en aluminium Virgule \u2192<\/span><\/a><\/span>\n<h3>Porte d&rsquo;entr\u00e9e aluminium mod\u00e8le Zen<\/h3>\n<div id=\"attachment_8190\" style=\"width: 147px\" class=\"wp-caption aligncenter\"><img aria-describedby=\"caption-attachment-8190\" loading=\"lazy\" class=\"size-medium wp-image-8190\" src=\"https:\/\/www.jaimemonartisan.com\/blog\/app\/uploads\/2016\/12\/Porte-dentr\u00e9e-alu-Zen-cr\u00e9dit-photo-Belm-137x300.jpg\" alt=\"Porte d'entr\u00e9e alu Zen (cr\u00e9dit photo Bel'm)\" width=\"137\" height=\"300\" data-headline=\"Porte d'entr\u00e9e alu Zen (cr\u00e9dit photo Bel'm)\" srcset=\"https:\/\/www.jaimemonartisan.com\/blog\/app\/uploads\/2016\/12\/Porte-dentr\u00e9e-alu-Zen-cr\u00e9dit-photo-Belm-137x300.jpg 137w, https:\/\/www.jaimemonartisan.com\/blog\/app\/uploads\/2016\/12\/Porte-dentr\u00e9e-alu-Zen-cr\u00e9dit-photo-Belm.jpg 220w\" sizes=\"(max-width: 137px) 100vw, 137px\" \/><p id=\"caption-attachment-8190\" class=\"wp-caption-text\">Porte d&rsquo;entr\u00e9e alu Zen (cr\u00e9dit photo Bel&rsquo;m)<\/p><\/div>\n<p>Cette porte pleine allie sobri\u00e9t\u00e9 et harmonie, elle poss\u00e8de quatre baguettes aux\u00a0couleurs de la porte ainsi que des embouts gris. Elle\u00a0poss\u00e8de une r\u00e9elle valeur ajout\u00e9e pour les performances acoustiques. Elle sera parfaite si vous souhaitez une porte sobre, contemporaine et dot\u00e9e de bonnes performances techniques.<\/p>\n<p><strong>Performances de la porte d&rsquo;entr\u00e9e en aluminium Zen\u00a0<\/strong><\/p>\n<ul>\n<li>Isolation Thermique : Ud = de 0,89 \u00e0 1,0 W (m2K)<\/li>\n<li>Isolation Acoustique : 36 dB<\/li>\n<li>Isolation Air-Eau-Vent :\u00a0A*3 E*4B V*C3<\/li>\n<\/ul>\n<p style=\"text-align: center;\"><strong>Prix porte d\u2019entr\u00e9e en aluminium mod\u00e8le ZEN\u00a0\u00e0 partir de 2 590 \u20ac &#8211; Installation incluse<\/strong><span class='maxbutton-4-container mb-container'><a class=\"maxbutton-4 maxbutton maxbutton-lien-classique\" target=\"_blank\" href=\"https:\/\/www.jaimemonartisan.com\/prix-porte-dentree-aluminium-zen-1\/all\/1714\"><span class='mb-text'>Commander la porte d\u2019entr\u00e9e en aluminium Zen \u2192<\/span><\/a><\/span>\n<h3>Porte d&rsquo;entr\u00e9e aluminium mod\u00e8le Phosphore<\/h3>\n<div id=\"attachment_8191\" style=\"width: 147px\" class=\"wp-caption aligncenter\"><img aria-describedby=\"caption-attachment-8191\" loading=\"lazy\" class=\"size-medium wp-image-8191\" src=\"https:\/\/www.jaimemonartisan.com\/blog\/app\/uploads\/2016\/12\/Porte-dentr\u00e9e-alu-Phosphore-cr\u00e9dit-photo-Belm-137x300.jpg\" alt=\"Porte d'entr\u00e9e alu Phosphore (cr\u00e9dit photo Bel'm)\" width=\"137\" height=\"300\" data-headline=\"Porte d'entr\u00e9e alu Phosphore (cr\u00e9dit photo Bel'm)\" srcset=\"https:\/\/www.jaimemonartisan.com\/blog\/app\/uploads\/2016\/12\/Porte-dentr\u00e9e-alu-Phosphore-cr\u00e9dit-photo-Belm-137x300.jpg 137w, https:\/\/www.jaimemonartisan.com\/blog\/app\/uploads\/2016\/12\/Porte-dentr\u00e9e-alu-Phosphore-cr\u00e9dit-photo-Belm.jpg 220w\" sizes=\"(max-width: 137px) 100vw, 137px\" \/><p id=\"caption-attachment-8191\" class=\"wp-caption-text\">Porte d&rsquo;entr\u00e9e alu Phosphore (cr\u00e9dit photo Bel&rsquo;m)<\/p><\/div>\n<p>Cette porte de style contemporain se distingue de toutes les autres par sa grande barre de tirage pr\u00e9sente sur toute la hauteur de la porte. Elle est \u00e0 la fois contemporaine et sobre, ses lignes horizontales en font un plus sur le march\u00e9 des portes contemporaines. Cette porte est de plus pourvue d\u2019excellentes performances thermiques et acoustiques. Elle vous s\u00e9duira si vous souhaitez une porte de haute s\u00e9curit\u00e9.<\/p>\n<p><b>Performances de la porte d&rsquo;entr\u00e9e en aluminium\u00a0Phosphore<\/b><\/p>\n<ul>\n<li>Isolation Thermique : Ud = 0,89 \u00e0 1,0\u00a0W\/(m2.K)<\/li>\n<li>Isolation Acoustique : 36 dB<\/li>\n<li>Isolation Air-Eau-Vent :\u00a0A*3 E*4B V*C3<\/li>\n<\/ul>\n<p style=\"text-align: center;\"><strong>Prix porte d\u2019entr\u00e9e en aluminium PHOSPHORE\u00a0\u00a0\u00e0 partir de 3\u00a0200 \u20ac TTC &#8211; Installation incluse\u00a0<\/strong><span class='maxbutton-4-container mb-container'><a class=\"maxbutton-4 maxbutton maxbutton-lien-classique\" target=\"_blank\" href=\"https:\/\/www.jaimemonartisan.com\/prix-porte-dentree-aluminium-phosphore-1\/all\/1706\"><span class='mb-text'>Commander la porte d\u2019entr\u00e9e en aluminium Phosphore \u2192<\/span><\/a><\/span>\n<h2>Les portes modernes<\/h2>\n<h3><\/h3>\n<h3>Porte d&rsquo;entr\u00e9e aluminium mod\u00e8le Albe<\/h3>\n<div id=\"attachment_8193\" style=\"width: 141px\" class=\"wp-caption aligncenter\"><img aria-describedby=\"caption-attachment-8193\" loading=\"lazy\" class=\"size-medium wp-image-8193\" src=\"https:\/\/www.jaimemonartisan.com\/blog\/app\/uploads\/2016\/12\/Porte-dentr\u00e9e-alu-Vence-cr\u00e9dit-photot-Belm--131x300.jpg\" alt=\"Porte d'entr\u00e9e alu Vence (cr\u00e9dit photot Bel'm)\" width=\"131\" height=\"300\" data-headline=\"Porte d'entr\u00e9e alu Vence (cr\u00e9dit photot Bel'm)\" srcset=\"https:\/\/www.jaimemonartisan.com\/blog\/app\/uploads\/2016\/12\/Porte-dentr\u00e9e-alu-Vence-cr\u00e9dit-photot-Belm--131x300.jpg 131w, https:\/\/www.jaimemonartisan.com\/blog\/app\/uploads\/2016\/12\/Porte-dentr\u00e9e-alu-Vence-cr\u00e9dit-photot-Belm-.jpg 211w\" sizes=\"(max-width: 131px) 100vw, 131px\" \/><p id=\"caption-attachment-8193\" class=\"wp-caption-text\">Porte d&rsquo;entr\u00e9e alu Vence (cr\u00e9dit photo Bel&rsquo;m)<\/p><\/div>\n<p>La porte aluminium Albe, est un mod\u00e8le traditionnel de porte semi- vitr\u00e9e au vitrage rectangulaire cercl\u00e9 de lignes horizontales. Sa vitre sabl\u00e9e de haute s\u00e9curit\u00e9 en fait une porte sobre, accessible de par son prix mais \u00e9quilibr\u00e9e. Vous aimerez cette porte si la simplicit\u00e9 et la sobri\u00e9t\u00e9 sont vos ma\u00eetres mots pour caract\u00e9riser une porte d\u2019entr\u00e9e.<\/p>\n<p><strong>Performances de la porte d&rsquo;entr\u00e9e en aluminium Albe<\/strong><\/p>\n<ul>\n<li>Isolation thermique : Ud = 1,1 W\/(m2.K)<\/li>\n<li>Isolation Acoustique : 30 dB<\/li>\n<li>Isolation Air-Eau-Vent :\u00a0A*3 E*3B V*C3<\/li>\n<\/ul>\n<p style=\"text-align: center;\"><strong>Prix porte d\u2019entr\u00e9e en aluminium ALBE \u00e0 partir de 2\u00a0130 \u20ac TTC &#8211; Installation incluse<\/strong>\u00a0<span class='maxbutton-4-container mb-container'><a class=\"maxbutton-4 maxbutton maxbutton-lien-classique\" target=\"_blank\" href=\"https:\/\/www.jaimemonartisan.com\/prix-porte-dentree-aluminium-vence-1\/all\/1710\"><span class='mb-text'>Commander la porte d\u2019entr\u00e9e en aluminium Albe \u2192<\/span><\/a><\/span>\n<p>&nbsp;<\/p>\n<h3>Porte d&rsquo;entr\u00e9e aluminium mod\u00e8le Alin\u00e9a<\/h3>\n<div id=\"attachment_8194\" style=\"width: 141px\" class=\"wp-caption aligncenter\"><img aria-describedby=\"caption-attachment-8194\" loading=\"lazy\" class=\"size-medium wp-image-8194\" src=\"https:\/\/www.jaimemonartisan.com\/blog\/app\/uploads\/2016\/12\/Porte-dentr\u00e9e-alu-Alin\u00e9a-cr\u00e9dit-photo-Belm--131x300.jpg\" alt=\"Porte d'entr\u00e9e alu Alin\u00e9a (cr\u00e9dit photo Bel'm)\" width=\"131\" height=\"300\" data-headline=\"Porte d'entr\u00e9e alu Alin\u00e9a (cr\u00e9dit photo Bel'm)\" srcset=\"https:\/\/www.jaimemonartisan.com\/blog\/app\/uploads\/2016\/12\/Porte-dentr\u00e9e-alu-Alin\u00e9a-cr\u00e9dit-photo-Belm--131x300.jpg 131w, https:\/\/www.jaimemonartisan.com\/blog\/app\/uploads\/2016\/12\/Porte-dentr\u00e9e-alu-Alin\u00e9a-cr\u00e9dit-photo-Belm-.jpg 211w\" sizes=\"(max-width: 131px) 100vw, 131px\" \/><p id=\"caption-attachment-8194\" class=\"wp-caption-text\">Porte d&rsquo;entr\u00e9e alu Alin\u00e9a (cr\u00e9dit photo Bel&rsquo;m)<\/p><\/div>\n<p>Dans une gamme de prix abordables, au style moderne, la porte d\u2019entr\u00e9e Alin\u00e9a est compos\u00e9e de baguettes d\u00e9coratives pos\u00e9es de mani\u00e8re \u00e9quilibr\u00e9e ainsi que de fines rainures usin\u00e9es. Elle apportera de beaux reflets lumineux lors des jours ensoleill\u00e9s \u00e0 votre entr\u00e9e. Si vous souhaitez une porte au prix abordable avec de la luminosit\u00e9, cette porte est parfaite pour vous.<\/p>\n<p><strong>Performances de la porte d&rsquo;entr\u00e9e en aluminium Alin\u00e9a\u00a0<\/strong><\/p>\n<ul>\n<li>Isolation Thermique : Ud = 0,89 \u00e0 1,0\u00a0W\/(m2.K)<\/li>\n<li>Isolation Acoustique : 36\u00a0dB<\/li>\n<li>Isolation Air-Eau-Vent :\u00a0A*3 E*4B V*C3<\/li>\n<\/ul>\n<p style=\"text-align: center;\"><strong>Prix porte d\u2019entr\u00e9e en aluminium ALINEA\u00a0\u00a0\u00e0 partir de 2 350 \u20ac &#8211; Installation incluse<\/strong> <span class='maxbutton-4-container mb-container'><a class=\"maxbutton-4 maxbutton maxbutton-lien-classique\" target=\"_blank\" href=\"https:\/\/www.jaimemonartisan.com\/prix-porte-dentree-aluminium-alinea\/all\/1700\"><span class='mb-text'>Commander la porte d\u2019entr\u00e9e en aluminium Alin\u00e9a \u2192<\/span><\/a><\/span>\n<p style=\"text-align: center;\">\u2022\u2022\u2022<\/p>\n<p>Voil\u00e0, vous disposez maintenant de toutes les cl\u00e9s pour choisir la<b>portes d\u2019entr\u00e9es aluminium<\/b>\u00a0de la marque\u00a0<b>Bel\u2019m <\/b>qui vous pla\u00eet\u00a0! N\u2019h\u00e9sitez pas \u00e0 parcourir le site\u00a0<a href=\"http:\/\/jaimemonartisan.com\">JaimeMonArtisan.com<\/a>\u00a0et <a href=\"https:\/\/www.jaimemonartisan.com\/blog\">son blog<\/a> pour trouver l\u2019inspiration \u00e0 vos futurs projets.<\/p>\n","protected":false},"excerpt":{"rendered":"<p>Voici notre\u00a0TOP 10\u00a0des portes d&rsquo;entr\u00e9e aluminium\u00a0du fabricant\u00a0Bel\u2019m. Vous cherchez une porte d\u2019entr\u00e9e aluminium Made In\u00a0&#x1f1eb;&#x1f1f7;\u00a0qui allie finesse, robustesse et\u00a0 personnalisation ? Cet article va vous permettre de choisir un mod\u00e8le&#8230;<\/p>\n","protected":false},"author":2,"featured_media":7083,"comment_status":"open","ping_status":"open","sticky":false,"template":"","format":"standard","meta":[],"categories":[13],"tags":[308],"yoast_head":"<!-- This site is optimized with the Yoast SEO plugin v15.9.2 - https:\/\/yoast.com\/wordpress\/plugins\/seo\/ -->\n<title>TOP 10 des portes d&#039;entr\u00e9e aluminium Bel&#039;m<\/title>\n<meta name=\"description\" content=\"Vous souhaitez acheter ou remplacer votre porte d\u2019entr\u00e9e ? Voici notre TOP 10 des portes d&#039;entr\u00e9e aluminium du fabricant Bel\u2019m.\" \/>\n<link rel=\"canonical\" href=\"https:\/\/www.jaimemonartisan.com\/blog\/top-10-portes-dentree-aluminium-belm\/\" \/>\n<meta property=\"og:locale\" content=\"fr_FR\" \/>\n<meta property=\"og:type\" content=\"article\" \/>\n<meta property=\"og:title\" content=\"TOP 10 des portes d&#039;entr\u00e9e aluminium Bel&#039;m\" \/>\n<meta property=\"og:description\" content=\"Vous souhaitez acheter ou remplacer votre porte d\u2019entr\u00e9e ? Voici notre TOP 10 des portes d&#039;entr\u00e9e aluminium du fabricant Bel\u2019m.\" \/>\n<meta property=\"og:url\" content=\"https:\/\/www.jaimemonartisan.com\/blog\/top-10-portes-dentree-aluminium-belm\/\" \/>\n<meta property=\"og:site_name\" content=\"Blog de J\u2019aime Mon Artisan\" \/>\n<meta property=\"article:publisher\" content=\"https:\/\/www.facebook.com\/jaimemonartisan\" \/>\n<meta property=\"article:published_time\" content=\"2017-12-04T08:52:59+00:00\" \/>\n<meta property=\"article:modified_time\" content=\"2019-02-22T15:00:40+00:00\" \/>\n<meta property=\"og:image\" content=\"https:\/\/www.jaimemonartisan.com\/blog\/app\/uploads\/2016\/11\/Top-10-des-portes-dentr\u00e9e-aluminium-du-fabricant-Belm.png\" \/>\n\t<meta property=\"og:image:width\" content=\"1200\" \/>\n\t<meta property=\"og:image:height\" content=\"923\" \/>\n<meta name=\"twitter:card\" content=\"summary\" \/>\n<meta name=\"twitter:creator\" content=\"@JaimeMonArtisan\" \/>\n<meta name=\"twitter:site\" content=\"@JaimeMonArtisan\" \/>\n<meta name=\"twitter:label1\" content=\"Est. reading time\">\n\t<meta name=\"twitter:data1\" content=\"6 minutes\">\n<script type=\"application\/ld+json\" class=\"yoast-schema-graph\">{\"@context\":\"https:\/\/schema.org\",\"@graph\":[{\"@type\":\"WebSite\",\"@id\":\"https:\/\/www.jaimemonartisan.com\/blog\/#website\",\"url\":\"https:\/\/www.jaimemonartisan.com\/blog\/\",\"name\":\"Blog de J\\u2019aime Mon Artisan\",\"description\":\"Des conseils, inspirations, tendances, guides et actualit\\u00e9s pour vos projets d\\u2019habitat et des annonces sur ceux qui construisent J\\u2019aime Mon Artisan\",\"potentialAction\":[{\"@type\":\"SearchAction\",\"target\":\"https:\/\/www.jaimemonartisan.com\/blog\/?s={search_term_string}\",\"query-input\":\"required name=search_term_string\"}],\"inLanguage\":\"fr-FR\"},{\"@type\":\"ImageObject\",\"@id\":\"https:\/\/www.jaimemonartisan.com\/blog\/top-10-portes-dentree-aluminium-belm\/#primaryimage\",\"inLanguage\":\"fr-FR\",\"url\":\"https:\/\/www.jaimemonartisan.com\/blog\/app\/uploads\/2016\/11\/Top-10-des-portes-dentr\\u00e9e-aluminium-du-fabricant-Belm.png\",\"width\":1200,\"height\":923,\"caption\":\"Top 10 des portes d\\u2019entr\\u00e9e aluminium du fabricant Bel\\u2019m - A lire sur le blog JaimeMonArtisan.com\"},{\"@type\":\"WebPage\",\"@id\":\"https:\/\/www.jaimemonartisan.com\/blog\/top-10-portes-dentree-aluminium-belm\/#webpage\",\"url\":\"https:\/\/www.jaimemonartisan.com\/blog\/top-10-portes-dentree-aluminium-belm\/\",\"name\":\"TOP 10 des portes d'entr\\u00e9e aluminium Bel'm\",\"isPartOf\":{\"@id\":\"https:\/\/www.jaimemonartisan.com\/blog\/#website\"},\"primaryImageOfPage\":{\"@id\":\"https:\/\/www.jaimemonartisan.com\/blog\/top-10-portes-dentree-aluminium-belm\/#primaryimage\"},\"datePublished\":\"2017-12-04T08:52:59+00:00\",\"dateModified\":\"2019-02-22T15:00:40+00:00\",\"author\":{\"@id\":\"https:\/\/www.jaimemonartisan.com\/blog\/#\/schema\/person\/7e1e6bb8d10d0d5070a22f0c250daf42\"},\"description\":\"Vous souhaitez acheter ou remplacer votre porte d\\u2019entr\\u00e9e ? Voici notre TOP 10 des portes d'entr\\u00e9e aluminium du fabricant Bel\\u2019m.\",\"breadcrumb\":{\"@id\":\"https:\/\/www.jaimemonartisan.com\/blog\/top-10-portes-dentree-aluminium-belm\/#breadcrumb\"},\"inLanguage\":\"fr-FR\",\"potentialAction\":[{\"@type\":\"ReadAction\",\"target\":[\"https:\/\/www.jaimemonartisan.com\/blog\/top-10-portes-dentree-aluminium-belm\/\"]}]},{\"@type\":\"BreadcrumbList\",\"@id\":\"https:\/\/www.jaimemonartisan.com\/blog\/top-10-portes-dentree-aluminium-belm\/#breadcrumb\",\"itemListElement\":[{\"@type\":\"ListItem\",\"position\":1,\"item\":{\"@type\":\"WebPage\",\"@id\":\"https:\/\/www.jaimemonartisan.com\/blog\/\",\"url\":\"https:\/\/www.jaimemonartisan.com\/blog\/\",\"name\":\"Accueil\"}},{\"@type\":\"ListItem\",\"position\":2,\"item\":{\"@type\":\"WebPage\",\"@id\":\"https:\/\/www.jaimemonartisan.com\/blog\/top-10-portes-dentree-aluminium-belm\/\",\"url\":\"https:\/\/www.jaimemonartisan.com\/blog\/top-10-portes-dentree-aluminium-belm\/\",\"name\":\"TOP 10 des portes d\\u2019entr\\u00e9e aluminium du fabricant Bel\\u2019m\"}}]},{\"@type\":\"Person\",\"@id\":\"https:\/\/www.jaimemonartisan.com\/blog\/#\/schema\/person\/7e1e6bb8d10d0d5070a22f0c250daf42\",\"name\":\"Baptiste Caspar\",\"image\":{\"@type\":\"ImageObject\",\"@id\":\"https:\/\/www.jaimemonartisan.com\/blog\/#personlogo\",\"inLanguage\":\"fr-FR\",\"url\":\"https:\/\/secure.gravatar.com\/avatar\/967f4fa3593a7d27c59f8b03e8c3f6bf?s=96&d=mm&r=g\",\"caption\":\"Baptiste Caspar\"}}]}<\/script>\n<!-- \/ Yoast SEO plugin. -->","_links":{"self":[{"href":"https:\/\/www.jaimemonartisan.com\/blog\/wp-json\/wp\/v2\/posts\/6853"}],"collection":[{"href":"https:\/\/www.jaimemonartisan.com\/blog\/wp-json\/wp\/v2\/posts"}],"about":[{"href":"https:\/\/www.jaimemonartisan.com\/blog\/wp-json\/wp\/v2\/types\/post"}],"author":[{"embeddable":true,"href":"https:\/\/www.jaimemonartisan.com\/blog\/wp-json\/wp\/v2\/users\/2"}],"replies":[{"embeddable":true,"href":"https:\/\/www.jaimemonartisan.com\/blog\/wp-json\/wp\/v2\/comments?post=6853"}],"version-history":[{"count":71,"href":"https:\/\/www.jaimemonartisan.com\/blog\/wp-json\/wp\/v2\/posts\/6853\/revisions"}],"predecessor-version":[{"id":13400,"href":"https:\/\/www.jaimemonartisan.com\/blog\/wp-json\/wp\/v2\/posts\/6853\/revisions\/13400"}],"wp:featuredmedia":[{"embeddable":true,"href":"https:\/\/www.jaimemonartisan.com\/blog\/wp-json\/wp\/v2\/media\/7083"}],"wp:attachment":[{"href":"https:\/\/www.jaimemonartisan.com\/blog\/wp-json\/wp\/v2\/media?parent=6853"}],"wp:term":[{"taxonomy":"category","embeddable":true,"href":"https:\/\/www.jaimemonartisan.com\/blog\/wp-json\/wp\/v2\/categories?post=6853"},{"taxonomy":"post_tag","embeddable":true,"href":"https:\/\/www.jaimemonartisan.com\/blog\/wp-json\/wp\/v2\/tags?post=6853"}],"curies":[{"name":"wp","href":"https:\/\/api.w.org\/{rel}","templated":true}]}}