{"id":5722,"date":"2016-10-19T16:00:09","date_gmt":"2016-10-19T14:00:09","guid":{"rendered":"https:\/\/www.jaimemonartisan.com\/blog\/?p=5722"},"modified":"2019-02-05T10:16:06","modified_gmt":"2019-02-05T09:16:06","slug":"startup-jaimemonartisan-shadok-equipe-lancement","status":"publish","type":"post","link":"https:\/\/www.jaimemonartisan.com\/blog\/startup-jaimemonartisan-shadok-equipe-lancement\/","title":{"rendered":"Startup JaimeMonArtisan.com #1 : Le Shadok, l\u2019\u00e9quipe et le lancement"},"content":{"rendered":"<p class=\"lead\">Aujourd\u2019hui nous lan\u00e7ons une nouvelle s\u00e9rie sur notre blog qui vous emm\u00e8nera dans les coulisses de notre jeune start-up JaimeMonArtisan.com d\u2019une mani\u00e8re originale et divertissante. Depuis plus d\u2019un an et demi, nous, jeune pousse\u00a0innovante, tentons de r\u00e9volutionner l\u2019achat de produits pour l\u2019habitat sur Internet. Mais que se passe-t-il derri\u00e8re notre site internet ? Immersion dedans la start-up\u00a0JaimeMonArtisan.com !<\/p>\n<p class=\"lead\"><!--more--><\/p>\n<blockquote><p>Cet article s\u2019inscrit dans une s\u00e9rie d\u2019articles sur l\u2019histoire et les coulisses de la startup JaimeMonArtisan.com. Nous vous invitons \u00e0 lire la suite de la s\u00e9rie avec\u00a0l\u2019<a href=\"https:\/\/www.jaimemonartisan.com\/blog\/startup-jaimemonartisan-com-2-concours-accompagnement-financements\/\" target=\"_blank\">\u00e9pisode 2<\/a> et l\u2019<a href=\"https:\/\/www.jaimemonartisan.com\/blog\/pourquoi-nous-avons-cree-startup-jaime-mon-artisan-com\/\" target=\"_blank\">\u00e9pisode 3<\/a>.<\/p><\/blockquote>\n<h2>Quartier g\u00e9n\u00e9ral<\/h2>\n<p>Commen\u00e7ons par nos bureaux. Ils se situent sur la Presqu\u2019ile Malraux, en face du cin\u00e9ma UGC, dans les locaux du <a href=\"http:\/\/www.shadok.strasbourg.eu\/\" target=\"_blank\">Shadok<\/a>. Plus particuli\u00e8rement, nous partageons l\u2019espace de co-working g\u00e9r\u00e9 par <a href=\"http:\/\/www.alsacedigitale.org\/\" target=\"_blank\">Alsace Digitale<\/a> : \u00ab\u00a0<a href=\"http:\/\/www.laplagedigitale.eu\" target=\"_blank\">la Plage digitale<\/a>\u00ab\u00a0.<\/p>\n<div id=\"attachment_5723\" style=\"width: 635px\" class=\"wp-caption aligncenter\"><img aria-describedby=\"caption-attachment-5723\" loading=\"lazy\" class=\"size-full wp-image-5723\" src=\"https:\/\/www.jaimemonartisan.com\/blog\/app\/uploads\/2016\/10\/Espace-coworking-Shadok.jpg\" alt=\"B\u00e2timent o\u00f9 se situe l\u2019espace de co-working du Shadok\" width=\"625\" height=\"416\" data-headline=\"Voici notre \" srcset=\"https:\/\/www.jaimemonartisan.com\/blog\/app\/uploads\/2016\/10\/Espace-coworking-Shadok.jpg 625w, https:\/\/www.jaimemonartisan.com\/blog\/app\/uploads\/2016\/10\/Espace-coworking-Shadok-300x200.jpg 300w\" sizes=\"(max-width: 625px) 100vw, 625px\" \/><p id=\"caption-attachment-5723\" class=\"wp-caption-text\">Voici notre \u00ab\u00a0quartier g\u00e9n\u00e9ral\u00a0\u00bb. On aimerait bien que tout le b\u00e2timent soit \u00e0 nous mais on se contente d\u2019une de ces petites fen\u00eatres pour le moment.<\/p><\/div>\n<p>Pour ceux qui entendent le mot \u00ab\u00a0co-working\u00a0\u00bb pour la premi\u00e8re fois, petite d\u00e9finition. Il s\u2019agit d\u2019un open-space partag\u00e9 o\u00f9 si\u00e8ge des dizaines d\u2019entreprises. L\u2019avantage est que tout est \u00e0 disposition, sans les inconv\u00e9nients : salles de r\u00e9union, cuisine \u00e9quip\u00e9e, bureaux, imprimantes, connexion Internet, etc.<\/p>\n<p>C\u2019est tr\u00e8s pratique pour se lancer dans une activit\u00e9 professionnelle car on \u00e9vite ainsi le\u00a0risque d\u2019investir dans des locaux d\u00e9di\u00e9s et c\u2019est un peu plus motivant que de rester chez soi. L\u2019ambiance est chaleureuse et les opportunit\u00e9s de contacts professionnels sont nombreuses.\u00a0Car oui, comme ce ne sont ni des concurrents, ni des sup\u00e9rieurs hi\u00e9rarchiques, le courant passe plus facilement !<\/p>\n<div id=\"attachment_5910\" style=\"width: 857px\" class=\"wp-caption aligncenter\"><img aria-describedby=\"caption-attachment-5910\" loading=\"lazy\" class=\"wp-image-5910 size-full\" src=\"https:\/\/www.jaimemonartisan.com\/blog\/app\/uploads\/2016\/10\/Max-et-Baptiste-au-shadok-e1476377172813-847x635-1.jpg\" alt=\"Les bureaux assign\u00e9s pour JaimeMonArtisan.com. Au premier plan celui de Baptiste (Fondateur et Dirigeant) ; au second plan celui de Maxime (Charg\u00e9 de communication).\" width=\"847\" height=\"635\" data-headline=\"Les bureaux assign\u00e9s pour JaimeMonArtisan.com. Au premier plan celui de Baptiste (Fondateur et Dirigeant) ; au second plan celui de Maxime (Charg\u00e9 de communication).\" srcset=\"https:\/\/www.jaimemonartisan.com\/blog\/app\/uploads\/2016\/10\/Max-et-Baptiste-au-shadok-e1476377172813-847x635-1.jpg 847w, https:\/\/www.jaimemonartisan.com\/blog\/app\/uploads\/2016\/10\/Max-et-Baptiste-au-shadok-e1476377172813-847x635-1-300x225.jpg 300w\" sizes=\"(max-width: 847px) 100vw, 847px\" \/><p id=\"caption-attachment-5910\" class=\"wp-caption-text\">Les bureaux assign\u00e9s pour JaimeMonArtisan.com. Au premier plan celui de Baptiste (Fondateur et Dirigeant) ; au second plan celui de Maxime (Charg\u00e9 de communication).<\/p><\/div>\n<h2>Faisons un peu mieux connaissance<\/h2>\n<h3>L\u2019id\u00e9e de la startup\u00a0JaimeMonArtisan.com<\/h3>\n<p>JaimeMonArtisan.com c\u2019est avant tout\u00a0une id\u00e9e de <a href=\"https:\/\/fr.linkedin.com\/in\/baptiste-caspar-467a6841\" target=\"_blank\">Baptiste Caspar<\/a>. A 33 ans et avec ses 9 ans d\u2019exp\u00e9rience sur le terrain, il fonde en 2014 la startup avec l\u2019ambition de r\u00e9volutionner les d\u00e9marches d\u2019achat des travaux d\u2019am\u00e9nagement de l\u2019habitat, gr\u00e2ce aux opportunit\u00e9s qu\u2019offre le num\u00e9rique.<\/p>\n<p>Les formalit\u00e9s \u00e9tablies, Baptiste se lance donc dans la cr\u00e9ation du site Internet. Sur les mod\u00e8les des <a href=\"http:\/\/www.lesechos.fr\/idees-debats\/cercle\/cercle-161063-et-si-g7-avait-devance-le-modele-uber-barnes-noble-celui-damazon-et-hilton-celui-dairbnb-2032086.php#xtor=CS1-33\" target=\"_blank\">marketplaces <\/a>(ou place de march\u00e9), il fonde un site e-commerce qui met en relation les particuliers ayant\u00a0un projet d&rsquo;am\u00e9nagement de leur logement\u00a0et les artisans de leur r\u00e9gion qui ont les solutions. Le concept est\u00a0unique mais tout reste\u00a0\u00e0 cr\u00e9er.<\/p>\n<h3>La gen\u00e8se\u00a0de la startup\u00a0JaimeMonArtisan.com<\/h3>\n<p>Il fallait donc se lancer concr\u00e8tement. Baptiste\u00a0confie donc \u00e0 <a href=\"http:\/\/www.data-projekt.fr\" target=\"_blank\">Data Projekt<\/a>, une agence de communication\u00a0num\u00e9rique, la mission de concevoir l\u2019identit\u00e9 graphique de la marque et le site internet. Pour correspondre au mieux\u00a0\u00e0 l\u2019ambition de Baptiste, le site est con\u00e7u sur-mesure \u00e0 partir de z\u00e9ro (\u00ab\u00a0from scratch\u00a0\u00bb pour les connaisseurs).<\/p>\n<p>C\u2019est \u00e0 ce moment que\u00a0<a href=\"https:\/\/www.linkedin.com\/in\/mathieu-dietenbeck-26353165\" target=\"_blank\">Mathieu DIETENBECK<\/a> s\u2019associe \u00e0 Baptiste en tant que Directeur informatique. Il supervise avec Baptiste toute la cr\u00e9ation de la plateforme ainsi que ses am\u00e9liorations. Vous pouvez d\u2019ailleurs lire <a href=\"http:\/\/www.data-projekt.fr\/agence-de-communication-projets-detail-j-aime-mon-artisan-id153.html\" target=\"_blank\">l\u2019article de Data Projekt consacr\u00e9 \u00e0 la cr\u00e9ation du site<\/a>.<\/p>\n<div id=\"attachment_5727\" style=\"width: 857px\" class=\"wp-caption aligncenter\"><img aria-describedby=\"caption-attachment-5727\" loading=\"lazy\" class=\"size-medium_large wp-image-5727\" src=\"https:\/\/www.jaimemonartisan.com\/blog\/app\/uploads\/2016\/10\/r\u00c7union-DATA-PROJEKT-847x476.jpg\" alt=\"ne r\u00e9union dans les locaux de notre partenaire Data Projekt. Le site n\u2019\u00e9tait pas encore ouvert au public et Mathieu Dientenbeck, Directeur informatique de JaimeMonArtisan.com (\u00e0 gauche) est tr\u00e8s concentr\u00e9.\" width=\"847\" height=\"476\" data-headline=\"ne r\u00e9union dans les locaux de notre partenaire Data Projekt. Le site n\u2019\u00e9tait pas encore ouvert au public et Mathieu Dientenbeck, Directeur informatique de JaimeMonArtisan.com (\u00e0 gauche) est tr\u00e8s concentr\u00e9.\" srcset=\"https:\/\/www.jaimemonartisan.com\/blog\/app\/uploads\/2016\/10\/r\u00c7union-DATA-PROJEKT-847x476.jpg 847w, https:\/\/www.jaimemonartisan.com\/blog\/app\/uploads\/2016\/10\/r\u00c7union-DATA-PROJEKT-300x169.jpg 300w, https:\/\/www.jaimemonartisan.com\/blog\/app\/uploads\/2016\/10\/r\u00c7union-DATA-PROJEKT-1024x576.jpg 1024w, https:\/\/www.jaimemonartisan.com\/blog\/app\/uploads\/2016\/10\/r\u00c7union-DATA-PROJEKT-1200x675.jpg 1200w, https:\/\/www.jaimemonartisan.com\/blog\/app\/uploads\/2016\/10\/r\u00c7union-DATA-PROJEKT.jpg 2048w\" sizes=\"(max-width: 847px) 100vw, 847px\" \/><p id=\"caption-attachment-5727\" class=\"wp-caption-text\">Une r\u00e9union dans les locaux de notre partenaire Data Projekt. Le site n\u2019\u00e9tait pas encore ouvert au public et Mathieu (\u00e0 gauche) est tr\u00e8s concentr\u00e9.<\/p><\/div>\n<h3>Les peaufinements<\/h3>\n<p>Pour pr\u00e9parer le lancement public du site internet, Baptiste s\u2019entoure de quatre\u00a0\u00e9tudiants en communication de l\u2019<a href=\"http:\/\/iutrs.unistra.fr\/\" target=\"_blank\">IUT Robert Schuman de Strasbourg<\/a> : L\u00e9a B, L\u00e9a H, Simon et Alexis. Ensemble, ils peaufinent les contenus et l\u2019arborescence du site, pr\u00e9parent le dossier de presse et d\u00e9finissent une strat\u00e9gie de communication pour la start-up JaimeMonArtisan.com, notamment sur les <a href=\"https:\/\/www.facebook.com\/jaimemonartisan\/\" target=\"_blank\">r\u00e9seaux sociaux<\/a>. Leurs missions les am\u00e8neront aussi\u00a0\u00e0 attraper un rhume collectif lors d\u2019une s\u00e9ance photo pr\u00e8s du plan d\u2019eau du Baggersee pour l\u2019illustration du site.<\/p>\n<div id=\"attachment_5730\" style=\"width: 850px\" class=\"wp-caption aligncenter\"><img aria-describedby=\"caption-attachment-5730\" loading=\"lazy\" class=\"size-large wp-image-5730\" src=\"https:\/\/www.jaimemonartisan.com\/blog\/app\/uploads\/2016\/10\/Shooting-avec-etudiants-au-baggersee-3-1024x576.jpg\" alt=\"Shooting photo au Baggersee\" width=\"840\" height=\"473\" data-headline=\"Shooting photo au Baggersee\" \/><p id=\"caption-attachment-5730\" class=\"wp-caption-text\">Shooting photo au Baggersee<\/p><\/div>\n<div id=\"attachment_5729\" style=\"width: 850px\" class=\"wp-caption aligncenter\"><img aria-describedby=\"caption-attachment-5729\" loading=\"lazy\" class=\"size-large wp-image-5729\" src=\"https:\/\/www.jaimemonartisan.com\/blog\/app\/uploads\/2016\/10\/Shooting-avec-etudiants-au-baggersee-2-1024x683.jpg\" alt=\"Shooting photo au Baggersee par 4 degr\u00e9s\" width=\"840\" height=\"560\" data-headline=\"La temp\u00e9rature ambiante \u00e9tait de 4 degr\u00e9s mais cela ne les a pas refroidi pour autant.\" srcset=\"https:\/\/www.jaimemonartisan.com\/blog\/app\/uploads\/2016\/10\/Shooting-avec-etudiants-au-baggersee-2-1024x683.jpg 1024w, https:\/\/www.jaimemonartisan.com\/blog\/app\/uploads\/2016\/10\/Shooting-avec-etudiants-au-baggersee-2-300x200.jpg 300w, https:\/\/www.jaimemonartisan.com\/blog\/app\/uploads\/2016\/10\/Shooting-avec-etudiants-au-baggersee-2-847x565.jpg 847w, https:\/\/www.jaimemonartisan.com\/blog\/app\/uploads\/2016\/10\/Shooting-avec-etudiants-au-baggersee-2-1200x800.jpg 1200w, https:\/\/www.jaimemonartisan.com\/blog\/app\/uploads\/2016\/10\/Shooting-avec-etudiants-au-baggersee-2.jpg 1549w\" sizes=\"(max-width: 840px) 100vw, 840px\" \/><p id=\"caption-attachment-5729\" class=\"wp-caption-text\">La temp\u00e9rature ambiante \u00e9tait de 4 degr\u00e9s mais cela ne les a pas refroidi pour autant.<\/p><\/div>\n<div id=\"attachment_5728\" style=\"width: 850px\" class=\"wp-caption aligncenter\"><img aria-describedby=\"caption-attachment-5728\" loading=\"lazy\" class=\"size-large wp-image-5728\" src=\"https:\/\/www.jaimemonartisan.com\/blog\/app\/uploads\/2016\/10\/Shooting-avec-etudiants-au-baggersee-1-1024x683.jpg\" alt=\"De gauche \u00e0 Droite : Simon, L\u00e9a.B, Baptiste, L\u00e9a.H, Alexis \" width=\"840\" height=\"560\" data-headline=\"De gauche \u00e0 Droite : Simon, L\u00e9a.B, Baptiste, L\u00e9a.H, Alexis \" srcset=\"https:\/\/www.jaimemonartisan.com\/blog\/app\/uploads\/2016\/10\/Shooting-avec-etudiants-au-baggersee-1-1024x683.jpg 1024w, https:\/\/www.jaimemonartisan.com\/blog\/app\/uploads\/2016\/10\/Shooting-avec-etudiants-au-baggersee-1-300x200.jpg 300w, https:\/\/www.jaimemonartisan.com\/blog\/app\/uploads\/2016\/10\/Shooting-avec-etudiants-au-baggersee-1-847x565.jpg 847w, https:\/\/www.jaimemonartisan.com\/blog\/app\/uploads\/2016\/10\/Shooting-avec-etudiants-au-baggersee-1-1200x800.jpg 1200w, https:\/\/www.jaimemonartisan.com\/blog\/app\/uploads\/2016\/10\/Shooting-avec-etudiants-au-baggersee-1.jpg 1549w\" sizes=\"(max-width: 840px) 100vw, 840px\" \/><p id=\"caption-attachment-5728\" class=\"wp-caption-text\">De gauche \u00e0 Droite : Simon, L\u00e9a.B, Baptiste, L\u00e9a.H, Alexis<\/p><\/div>\n<p>Les \u00e9tudiants cl\u00f4turent leur projet tuteur\u00e9 avec une excellente nouvelle puisque fin mars 2016, le site s\u2019ouvre enfin au public apr\u00e8s une p\u00e9riode de beta-test.<\/p>\n<p>Quelques semaines plus tard, Maxime rejoint Baptiste et Mathieu dans l\u2019\u00e9quipe de JaimeMonArtisan.com. Egalement \u00e9tudiant en communication \u00e0 l\u2019IUT Robert Schuman, il reprend le flambeau encore ti\u00e8de de l\u2019\u00e9quipe d\u2019\u00e9tudiants en se chargeant de la communication de la start-up. S\u2019en suivent citations inspirantes sur les r\u00e9seaux sociaux, supports de communication, jeu-concours, <del>gif de chatons<\/del> et cet article par exemple.<\/p>\n<h2>Et soudain&#8230;<\/h2>\n<p>Quelle joie de voir un matin la premi\u00e8re notification d\u2019achat sur la plateforme ! C\u2019est un petit peu comme une inauguration. Pr\u00e8s de deux ans apr\u00e8s la cr\u00e9ation de la start-up, nous \u00e9tions heureux d\u2019installer la premi\u00e8re toile achet\u00e9e sur JaimeMonArtisan.com.<\/p>\n<div id=\"attachment_5724\" style=\"width: 857px\" class=\"wp-caption aligncenter\"><img aria-describedby=\"caption-attachment-5724\" loading=\"lazy\" class=\"wp-image-5724 size-medium_large\" src=\"https:\/\/www.jaimemonartisan.com\/blog\/app\/uploads\/2016\/10\/Les-premiers-clients-sous-leur-nouvelle-toile-achet\u00c7-sur-JMA-847x476.jpg\" alt=\"Les premiers clients sous leur nouvelle toile achet\u00e9e sur JMA\" width=\"847\" height=\"476\" data-headline=\"XXXXXXX et XXXXXXX sous leur nouvelle toile achet\u00e9e sur JaimeMonArtisan.com.\" \/><p id=\"caption-attachment-5724\" class=\"wp-caption-text\">Madame et Monsieur Roehrig de Oberhausbergen sous leur nouvelle toile achet\u00e9e sur JaimeMonArtisan.com.<\/p><\/div>\n<p>Nous lancions aussi notre premier jeu-concours durant le mois de juillet 2016. Vous avez \u00e9t\u00e9 nombreux \u00e0 jouer et \u00e0 tenter votre chance pour vous rafraichir \u00e0 l\u2019espace Baln\u00e9o de l\u2019Hotel des Casinos Barri\u00e8re de Ribeauvill\u00e9. Mais malheureusement il faut un gagnant, et le voici ci-dessous.<\/p>\n<div id=\"attachment_5911\" style=\"width: 586px\" class=\"wp-caption aligncenter\"><img aria-describedby=\"caption-attachment-5911\" loading=\"lazy\" class=\"wp-image-5911 size-large\" src=\"https:\/\/www.jaimemonartisan.com\/blog\/app\/uploads\/2016\/10\/Tom-gagnant-du-jeu-concours-e1476378683608-576x1024-1-576x1024.jpg\" alt=\"Baptiste (\u00e0 gauche) et le grand gagnant Thomas (\u00e0 droite).\" width=\"576\" height=\"1024\" data-headline=\"Baptiste (\u00e0 gauche) et le grand gagnant Thomas (\u00e0 droite).\" srcset=\"https:\/\/www.jaimemonartisan.com\/blog\/app\/uploads\/2016\/10\/Tom-gagnant-du-jeu-concours-e1476378683608-576x1024-1.jpg 576w, https:\/\/www.jaimemonartisan.com\/blog\/app\/uploads\/2016\/10\/Tom-gagnant-du-jeu-concours-e1476378683608-576x1024-1-169x300.jpg 169w\" sizes=\"(max-width: 576px) 100vw, 576px\" \/><p id=\"caption-attachment-5911\" class=\"wp-caption-text\">Baptiste (\u00e0 gauche) et le grand gagnant Thomas (\u00e0 droite).<\/p><\/div>\n<blockquote><p>Cet article s\u2019inscrit dans une s\u00e9rie d\u2019articles sur l\u2019histoire et les coulisses de la startup JaimeMonArtisan.com. Nous vous invitons \u00e0 lire la suite de la s\u00e9rie avec\u00a0l\u2019<a href=\"https:\/\/www.jaimemonartisan.com\/blog\/startup-jaimemonartisan-com-2-concours-accompagnement-financements\/\" target=\"_blank\">\u00e9pisode 2<\/a> et l\u2019<a href=\"https:\/\/www.jaimemonartisan.com\/blog\/pourquoi-nous-avons-cree-startup-jaime-mon-artisan-com\/\" target=\"_blank\">\u00e9pisode 3<\/a>.<\/p><\/blockquote>\n","protected":false},"excerpt":{"rendered":"<p>Aujourd\u2019hui nous lan\u00e7ons une nouvelle s\u00e9rie sur notre blog qui vous emm\u00e8nera dans les coulisses de notre jeune start-up JaimeMonArtisan.com d\u2019une mani\u00e8re originale et divertissante. Depuis plus d\u2019un an et&#8230;<\/p>\n","protected":false},"author":2,"featured_media":5783,"comment_status":"open","ping_status":"open","sticky":false,"template":"","format":"standard","meta":[],"categories":[9],"tags":[323],"yoast_head":"<!-- This site is optimized with the Yoast SEO plugin v15.9.2 - https:\/\/yoast.com\/wordpress\/plugins\/seo\/ -->\n<title>Startup JaimeMonArtisan.com #1 : Le Shadok, l\u2019\u00e9quipe et le lancement &ndash; Blog de J\u2019aime Mon Artisan<\/title>\n<meta name=\"description\" content=\"Depuis 1 ans et demi, nous tentons de r\u00e9volutionner l\u2019achat de produits pour l\u2019habitat sur Internet. Mais que se passe-t-il derri\u00e8re notre site ? Coulisses\" \/>\n<link rel=\"canonical\" href=\"https:\/\/www.jaimemonartisan.com\/blog\/startup-jaimemonartisan-shadok-equipe-lancement\/\" \/>\n<meta property=\"og:locale\" content=\"fr_FR\" \/>\n<meta property=\"og:type\" content=\"article\" \/>\n<meta property=\"og:title\" content=\"Startup JaimeMonArtisan.com #1 : Le Shadok, l\u2019\u00e9quipe et le lancement &ndash; Blog de J\u2019aime Mon Artisan\" \/>\n<meta property=\"og:description\" content=\"Depuis 1 ans et demi, nous tentons de r\u00e9volutionner l\u2019achat de produits pour l\u2019habitat sur Internet. Mais que se passe-t-il derri\u00e8re notre site ? Coulisses\" \/>\n<meta property=\"og:url\" content=\"https:\/\/www.jaimemonartisan.com\/blog\/startup-jaimemonartisan-shadok-equipe-lancement\/\" \/>\n<meta property=\"og:site_name\" content=\"Blog de J\u2019aime Mon Artisan\" \/>\n<meta property=\"article:publisher\" content=\"https:\/\/www.facebook.com\/jaimemonartisan\" \/>\n<meta property=\"article:published_time\" content=\"2016-10-19T14:00:09+00:00\" \/>\n<meta property=\"article:modified_time\" content=\"2019-02-05T09:16:06+00:00\" \/>\n<meta property=\"og:image\" content=\"https:\/\/www.jaimemonartisan.com\/blog\/app\/uploads\/2016\/10\/Start-up-JMA-1.png\" \/>\n\t<meta property=\"og:image:width\" content=\"1200\" \/>\n\t<meta property=\"og:image:height\" content=\"923\" \/>\n<meta name=\"twitter:card\" content=\"summary\" \/>\n<meta name=\"twitter:creator\" content=\"@JaimeMonArtisan\" \/>\n<meta name=\"twitter:site\" content=\"@JaimeMonArtisan\" \/>\n<meta name=\"twitter:label1\" content=\"Est. reading time\">\n\t<meta name=\"twitter:data1\" content=\"5 minutes\">\n<script type=\"application\/ld+json\" class=\"yoast-schema-graph\">{\"@context\":\"https:\/\/schema.org\",\"@graph\":[{\"@type\":\"WebSite\",\"@id\":\"https:\/\/www.jaimemonartisan.com\/blog\/#website\",\"url\":\"https:\/\/www.jaimemonartisan.com\/blog\/\",\"name\":\"Blog de J\\u2019aime Mon Artisan\",\"description\":\"Des conseils, inspirations, tendances, guides et actualit\\u00e9s pour vos projets d\\u2019habitat et des annonces sur ceux qui construisent J\\u2019aime Mon Artisan\",\"potentialAction\":[{\"@type\":\"SearchAction\",\"target\":\"https:\/\/www.jaimemonartisan.com\/blog\/?s={search_term_string}\",\"query-input\":\"required name=search_term_string\"}],\"inLanguage\":\"fr-FR\"},{\"@type\":\"ImageObject\",\"@id\":\"https:\/\/www.jaimemonartisan.com\/blog\/startup-jaimemonartisan-shadok-equipe-lancement\/#primaryimage\",\"inLanguage\":\"fr-FR\",\"url\":\"https:\/\/www.jaimemonartisan.com\/blog\/app\/uploads\/2016\/10\/Start-up-JMA-1.png\",\"width\":1200,\"height\":923},{\"@type\":\"WebPage\",\"@id\":\"https:\/\/www.jaimemonartisan.com\/blog\/startup-jaimemonartisan-shadok-equipe-lancement\/#webpage\",\"url\":\"https:\/\/www.jaimemonartisan.com\/blog\/startup-jaimemonartisan-shadok-equipe-lancement\/\",\"name\":\"Startup JaimeMonArtisan.com #1 : Le Shadok, l\\u2019\\u00e9quipe et le lancement &ndash; Blog de J\\u2019aime Mon Artisan\",\"isPartOf\":{\"@id\":\"https:\/\/www.jaimemonartisan.com\/blog\/#website\"},\"primaryImageOfPage\":{\"@id\":\"https:\/\/www.jaimemonartisan.com\/blog\/startup-jaimemonartisan-shadok-equipe-lancement\/#primaryimage\"},\"datePublished\":\"2016-10-19T14:00:09+00:00\",\"dateModified\":\"2019-02-05T09:16:06+00:00\",\"author\":{\"@id\":\"https:\/\/www.jaimemonartisan.com\/blog\/#\/schema\/person\/7e1e6bb8d10d0d5070a22f0c250daf42\"},\"description\":\"Depuis 1 ans et demi, nous tentons de r\\u00e9volutionner l\\u2019achat de produits pour l\\u2019habitat sur Internet. Mais que se passe-t-il derri\\u00e8re notre site ? Coulisses\",\"breadcrumb\":{\"@id\":\"https:\/\/www.jaimemonartisan.com\/blog\/startup-jaimemonartisan-shadok-equipe-lancement\/#breadcrumb\"},\"inLanguage\":\"fr-FR\",\"potentialAction\":[{\"@type\":\"ReadAction\",\"target\":[\"https:\/\/www.jaimemonartisan.com\/blog\/startup-jaimemonartisan-shadok-equipe-lancement\/\"]}]},{\"@type\":\"BreadcrumbList\",\"@id\":\"https:\/\/www.jaimemonartisan.com\/blog\/startup-jaimemonartisan-shadok-equipe-lancement\/#breadcrumb\",\"itemListElement\":[{\"@type\":\"ListItem\",\"position\":1,\"item\":{\"@type\":\"WebPage\",\"@id\":\"https:\/\/www.jaimemonartisan.com\/blog\/\",\"url\":\"https:\/\/www.jaimemonartisan.com\/blog\/\",\"name\":\"Accueil\"}},{\"@type\":\"ListItem\",\"position\":2,\"item\":{\"@type\":\"WebPage\",\"@id\":\"https:\/\/www.jaimemonartisan.com\/blog\/startup-jaimemonartisan-shadok-equipe-lancement\/\",\"url\":\"https:\/\/www.jaimemonartisan.com\/blog\/startup-jaimemonartisan-shadok-equipe-lancement\/\",\"name\":\"Startup JaimeMonArtisan.com #1 : Le Shadok, l\\u2019\\u00e9quipe et le lancement\"}}]},{\"@type\":\"Person\",\"@id\":\"https:\/\/www.jaimemonartisan.com\/blog\/#\/schema\/person\/7e1e6bb8d10d0d5070a22f0c250daf42\",\"name\":\"Baptiste Caspar\",\"image\":{\"@type\":\"ImageObject\",\"@id\":\"https:\/\/www.jaimemonartisan.com\/blog\/#personlogo\",\"inLanguage\":\"fr-FR\",\"url\":\"https:\/\/secure.gravatar.com\/avatar\/967f4fa3593a7d27c59f8b03e8c3f6bf?s=96&d=mm&r=g\",\"caption\":\"Baptiste Caspar\"}}]}<\/script>\n<!-- \/ Yoast SEO plugin. -->","_links":{"self":[{"href":"https:\/\/www.jaimemonartisan.com\/blog\/wp-json\/wp\/v2\/posts\/5722"}],"collection":[{"href":"https:\/\/www.jaimemonartisan.com\/blog\/wp-json\/wp\/v2\/posts"}],"about":[{"href":"https:\/\/www.jaimemonartisan.com\/blog\/wp-json\/wp\/v2\/types\/post"}],"author":[{"embeddable":true,"href":"https:\/\/www.jaimemonartisan.com\/blog\/wp-json\/wp\/v2\/users\/2"}],"replies":[{"embeddable":true,"href":"https:\/\/www.jaimemonartisan.com\/blog\/wp-json\/wp\/v2\/comments?post=5722"}],"version-history":[{"count":20,"href":"https:\/\/www.jaimemonartisan.com\/blog\/wp-json\/wp\/v2\/posts\/5722\/revisions"}],"predecessor-version":[{"id":9776,"href":"https:\/\/www.jaimemonartisan.com\/blog\/wp-json\/wp\/v2\/posts\/5722\/revisions\/9776"}],"wp:featuredmedia":[{"embeddable":true,"href":"https:\/\/www.jaimemonartisan.com\/blog\/wp-json\/wp\/v2\/media\/5783"}],"wp:attachment":[{"href":"https:\/\/www.jaimemonartisan.com\/blog\/wp-json\/wp\/v2\/media?parent=5722"}],"wp:term":[{"taxonomy":"category","embeddable":true,"href":"https:\/\/www.jaimemonartisan.com\/blog\/wp-json\/wp\/v2\/categories?post=5722"},{"taxonomy":"post_tag","embeddable":true,"href":"https:\/\/www.jaimemonartisan.com\/blog\/wp-json\/wp\/v2\/tags?post=5722"}],"curies":[{"name":"wp","href":"https:\/\/api.w.org\/{rel}","templated":true}]}}