{"id":4711,"date":"2016-09-09T14:00:24","date_gmt":"2016-09-09T12:00:24","guid":{"rendered":"https:\/\/www.jaimemonartisan.com\/blog\/?p=4711"},"modified":"2019-02-05T10:36:53","modified_gmt":"2019-02-05T09:36:53","slug":"tendances-et-style-contemporains-pour-2016","status":"publish","type":"post","link":"https:\/\/www.jaimemonartisan.com\/blog\/tendances-et-style-contemporains-pour-2016\/","title":{"rendered":"Les portes de garage \u00e0 la mode pour 2016"},"content":{"rendered":"<p style=\"text-align: justify;\">Fatigu\u00e9 des vieux concepts de maisons traditionnels et ennuyeux ? Gr\u00e2ce aux derni\u00e8res tendances technologiques, une maison contemporaine signifie quelque chose de bien diff\u00e9rent de celles de nos parents et de nos grands-parents. Nos vies se d\u00e9roulent plus que jamais \u00e0 un rythme rapide et beaucoup de gens veulent que le changement et la diversit\u00e9 se refl\u00e8tent dans leur maison avec des finitions ext\u00e9rieures urbaines et contemporaines, et un int\u00e9rieur unique et diff\u00e9rent.<\/p>\n<p style=\"text-align: justify;\">Aujourd\u2019hui, la tendance des mat\u00e9riaux de construction quant aux portes de garage est une multitude d\u2019options de verre combin\u00e9e \u00e0 du bois ou de l\u2019acier inoxydable. Les portes en verre qui font office de murs repliables donnant acc\u00e8s \u00e0 des espaces ext\u00e9rieurs sont une fois de plus un choix de conception tr\u00e8s populaire.<\/p>\n<p style=\"text-align: justify;\"><em>Lire la suite de l&rsquo;article\u00a0<a href=\"http:\/\/www.portesrsm.com\/blog\/tendances-et-style-contemporains-pour-2016\/\" target=\"_blank\">ici<\/a><\/em><\/p>\n<p style=\"text-align: justify;\"><em>Cr\u00e9dit photo : portesrsm.com<\/em><\/p>\n","protected":false},"excerpt":{"rendered":"<p>Fatigu\u00e9 des vieux concepts de maisons traditionnels et ennuyeux ? Gr\u00e2ce aux derni\u00e8res tendances technologiques, une maison contemporaine signifie quelque chose de bien diff\u00e9rent de celles de nos parents et&#8230;<\/p>\n","protected":false},"author":2,"featured_media":4712,"comment_status":"open","ping_status":"open","sticky":false,"template":"","format":"standard","meta":[],"categories":[1],"tags":[309],"yoast_head":"<!-- This site is optimized with the Yoast SEO plugin v15.9.2 - https:\/\/yoast.com\/wordpress\/plugins\/seo\/ -->\n<title>Les portes de garage \u00e0 la mode pour 2016 &ndash; Blog de J\u2019aime Mon Artisan<\/title>\n<meta name=\"description\" content=\"Fatigu\u00e9 des vieux concepts de maisons traditionnels et ennuyeux ? Gr\u00e2ce aux derni\u00e8res tendances technologiques, une maison contemporaine signifie quelque...\" \/>\n<link rel=\"canonical\" href=\"https:\/\/www.jaimemonartisan.com\/blog\/tendances-et-style-contemporains-pour-2016\/\" \/>\n<meta property=\"og:locale\" content=\"fr_FR\" \/>\n<meta property=\"og:type\" content=\"article\" \/>\n<meta property=\"og:title\" content=\"Les portes de garage \u00e0 la mode pour 2016 &ndash; Blog de J\u2019aime Mon Artisan\" \/>\n<meta property=\"og:description\" content=\"Fatigu\u00e9 des vieux concepts de maisons traditionnels et ennuyeux ? Gr\u00e2ce aux derni\u00e8res tendances technologiques, une maison contemporaine signifie quelque...\" \/>\n<meta property=\"og:url\" content=\"https:\/\/www.jaimemonartisan.com\/blog\/tendances-et-style-contemporains-pour-2016\/\" \/>\n<meta property=\"og:site_name\" content=\"Blog de J\u2019aime Mon Artisan\" \/>\n<meta property=\"article:publisher\" content=\"https:\/\/www.facebook.com\/jaimemonartisan\" \/>\n<meta property=\"article:published_time\" content=\"2016-09-09T12:00:24+00:00\" \/>\n<meta property=\"article:modified_time\" content=\"2019-02-05T09:36:53+00:00\" \/>\n<meta property=\"og:image\" content=\"https:\/\/www.jaimemonartisan.com\/blog\/app\/uploads\/2016\/09\/Trends-1024x576.jpg\" \/>\n\t<meta property=\"og:image:width\" content=\"1024\" \/>\n\t<meta property=\"og:image:height\" content=\"576\" \/>\n<meta name=\"twitter:card\" content=\"summary\" \/>\n<meta name=\"twitter:creator\" content=\"@JaimeMonArtisan\" \/>\n<meta name=\"twitter:site\" content=\"@JaimeMonArtisan\" \/>\n<meta name=\"twitter:label1\" content=\"Est. reading time\">\n\t<meta name=\"twitter:data1\" content=\"1 minute\">\n<script type=\"application\/ld+json\" class=\"yoast-schema-graph\">{\"@context\":\"https:\/\/schema.org\",\"@graph\":[{\"@type\":\"WebSite\",\"@id\":\"https:\/\/www.jaimemonartisan.com\/blog\/#website\",\"url\":\"https:\/\/www.jaimemonartisan.com\/blog\/\",\"name\":\"Blog de J\\u2019aime Mon Artisan\",\"description\":\"Des conseils, inspirations, tendances, guides et actualit\\u00e9s pour vos projets d\\u2019habitat et des annonces sur ceux qui construisent J\\u2019aime Mon Artisan\",\"potentialAction\":[{\"@type\":\"SearchAction\",\"target\":\"https:\/\/www.jaimemonartisan.com\/blog\/?s={search_term_string}\",\"query-input\":\"required name=search_term_string\"}],\"inLanguage\":\"fr-FR\"},{\"@type\":\"ImageObject\",\"@id\":\"https:\/\/www.jaimemonartisan.com\/blog\/tendances-et-style-contemporains-pour-2016\/#primaryimage\",\"inLanguage\":\"fr-FR\",\"url\":\"https:\/\/www.jaimemonartisan.com\/blog\/app\/uploads\/2016\/09\/Trends-1024x576.jpg\",\"width\":1024,\"height\":576},{\"@type\":\"WebPage\",\"@id\":\"https:\/\/www.jaimemonartisan.com\/blog\/tendances-et-style-contemporains-pour-2016\/#webpage\",\"url\":\"https:\/\/www.jaimemonartisan.com\/blog\/tendances-et-style-contemporains-pour-2016\/\",\"name\":\"Les portes de garage \\u00e0 la mode pour 2016 &ndash; Blog de J\\u2019aime Mon Artisan\",\"isPartOf\":{\"@id\":\"https:\/\/www.jaimemonartisan.com\/blog\/#website\"},\"primaryImageOfPage\":{\"@id\":\"https:\/\/www.jaimemonartisan.com\/blog\/tendances-et-style-contemporains-pour-2016\/#primaryimage\"},\"datePublished\":\"2016-09-09T12:00:24+00:00\",\"dateModified\":\"2019-02-05T09:36:53+00:00\",\"author\":{\"@id\":\"https:\/\/www.jaimemonartisan.com\/blog\/#\/schema\/person\/7e1e6bb8d10d0d5070a22f0c250daf42\"},\"description\":\"Fatigu\\u00e9 des vieux concepts de maisons traditionnels et ennuyeux ? Gr\\u00e2ce aux derni\\u00e8res tendances technologiques, une maison contemporaine signifie quelque...\",\"breadcrumb\":{\"@id\":\"https:\/\/www.jaimemonartisan.com\/blog\/tendances-et-style-contemporains-pour-2016\/#breadcrumb\"},\"inLanguage\":\"fr-FR\",\"potentialAction\":[{\"@type\":\"ReadAction\",\"target\":[\"https:\/\/www.jaimemonartisan.com\/blog\/tendances-et-style-contemporains-pour-2016\/\"]}]},{\"@type\":\"BreadcrumbList\",\"@id\":\"https:\/\/www.jaimemonartisan.com\/blog\/tendances-et-style-contemporains-pour-2016\/#breadcrumb\",\"itemListElement\":[{\"@type\":\"ListItem\",\"position\":1,\"item\":{\"@type\":\"WebPage\",\"@id\":\"https:\/\/www.jaimemonartisan.com\/blog\/\",\"url\":\"https:\/\/www.jaimemonartisan.com\/blog\/\",\"name\":\"Accueil\"}},{\"@type\":\"ListItem\",\"position\":2,\"item\":{\"@type\":\"WebPage\",\"@id\":\"https:\/\/www.jaimemonartisan.com\/blog\/tendances-et-style-contemporains-pour-2016\/\",\"url\":\"https:\/\/www.jaimemonartisan.com\/blog\/tendances-et-style-contemporains-pour-2016\/\",\"name\":\"Les portes de garage \\u00e0 la mode pour 2016\"}}]},{\"@type\":\"Person\",\"@id\":\"https:\/\/www.jaimemonartisan.com\/blog\/#\/schema\/person\/7e1e6bb8d10d0d5070a22f0c250daf42\",\"name\":\"Baptiste Caspar\",\"image\":{\"@type\":\"ImageObject\",\"@id\":\"https:\/\/www.jaimemonartisan.com\/blog\/#personlogo\",\"inLanguage\":\"fr-FR\",\"url\":\"https:\/\/secure.gravatar.com\/avatar\/967f4fa3593a7d27c59f8b03e8c3f6bf?s=96&d=mm&r=g\",\"caption\":\"Baptiste Caspar\"}}]}<\/script>\n<!-- \/ Yoast SEO plugin. -->","_links":{"self":[{"href":"https:\/\/www.jaimemonartisan.com\/blog\/wp-json\/wp\/v2\/posts\/4711"}],"collection":[{"href":"https:\/\/www.jaimemonartisan.com\/blog\/wp-json\/wp\/v2\/posts"}],"about":[{"href":"https:\/\/www.jaimemonartisan.com\/blog\/wp-json\/wp\/v2\/types\/post"}],"author":[{"embeddable":true,"href":"https:\/\/www.jaimemonartisan.com\/blog\/wp-json\/wp\/v2\/users\/2"}],"replies":[{"embeddable":true,"href":"https:\/\/www.jaimemonartisan.com\/blog\/wp-json\/wp\/v2\/comments?post=4711"}],"version-history":[{"count":6,"href":"https:\/\/www.jaimemonartisan.com\/blog\/wp-json\/wp\/v2\/posts\/4711\/revisions"}],"predecessor-version":[{"id":4784,"href":"https:\/\/www.jaimemonartisan.com\/blog\/wp-json\/wp\/v2\/posts\/4711\/revisions\/4784"}],"wp:featuredmedia":[{"embeddable":true,"href":"https:\/\/www.jaimemonartisan.com\/blog\/wp-json\/wp\/v2\/media\/4712"}],"wp:attachment":[{"href":"https:\/\/www.jaimemonartisan.com\/blog\/wp-json\/wp\/v2\/media?parent=4711"}],"wp:term":[{"taxonomy":"category","embeddable":true,"href":"https:\/\/www.jaimemonartisan.com\/blog\/wp-json\/wp\/v2\/categories?post=4711"},{"taxonomy":"post_tag","embeddable":true,"href":"https:\/\/www.jaimemonartisan.com\/blog\/wp-json\/wp\/v2\/tags?post=4711"}],"curies":[{"name":"wp","href":"https:\/\/api.w.org\/{rel}","templated":true}]}}