{"id":3725,"date":"2016-08-10T18:52:51","date_gmt":"2016-08-10T16:52:51","guid":{"rendered":"https:\/\/www.jaimemonartisan.com\/blog\/?p=3725"},"modified":"2019-02-05T10:40:40","modified_gmt":"2019-02-05T09:40:40","slug":"grosses-chaleurs-comment-se-rafraichir-dans-le-jardin","status":"publish","type":"post","link":"https:\/\/www.jaimemonartisan.com\/blog\/grosses-chaleurs-comment-se-rafraichir-dans-le-jardin\/","title":{"rendered":"Grosses chaleurs : comment se rafraichir dans le jardin ?"},"content":{"rendered":"<p>Quand la m\u00e9t\u00e9o annonce plus de 30\u00b0 \u00e0 l\u2019ombre \u00e0 la mi-journ\u00e9e, l\u2019on se dit qu\u2019il faut s\u2019\u00e9quiper pour continuer \u00e0 profiter de la vie en plein air sans mettre sa sant\u00e9 en p\u00e9ril. Il serait tout de m\u00eame dommage de s\u2019enfermer \u00e0 l\u2019int\u00e9rieur alors qu\u2019il fait si beau dehors, et qu\u2019on a tant attendu l\u2019\u00e9t\u00e9. Qu\u2019\u00e0 cela ne tienne\u00a0! <strong>Pour \u00e9viter de fuir la chaleur, il suffit de faire quelques am\u00e9nagements pour se rafraichir dans le jardin<\/strong>. Des astuces qui, en plus de rendre vos heures de d\u00e9tente plus agr\u00e9ables, apporteront un peu de fun au jardin. Quels sont donc ces accessoires pratiques et design qui permettront de passer un super \u00e9t\u00e9 en famille, et s\u2019amuser dehors m\u00eame aux heures les plus chaudes\u00a0?<\/p>\n<h2>Une douche ext\u00e9rieur\u00a0! Tout le monde dit oui\u2026<\/h2>\n<p><img loading=\"lazy\" class=\"wp-image-8995 alignleft\" src=\"https:\/\/www.jaimemonartisan.com\/blog\/app\/uploads\/2016\/08\/www.blog-jardindeco.comwp-contentuploads201607Douche-extCDouche-ext\u00e9rieure-t\u00e9lescopique-ext\u00e9rieur-bf1b154b189365f13593c3679049a9527da86106.jpg\" alt=\"Douche ext\u00e9rieur, douche de jardin\" width=\"358\" height=\"538\" \/>Il n\u2019est pas n\u00e9cessaire d\u2019avoir une maison au bord de l\u2019oc\u00e9an, ou d\u2019avoir une piscine pour profiter des plaisirs que procure un jet d\u2019eau frais. <strong>Quand le mercure joue des siennes, une petite douche rafraichissante n\u2019est pas de refus<\/strong>. Inutile de se ruer vers la salle de bain\u00a0! Avec une <a href=\"http:\/\/www.jardindeco.com\/Douche-Exterieure-Telescopique-F-484,14222\" target=\"_blank\">douche ext\u00e9rieur t\u00e9lescopique<\/a>, on a tout le loisir de se rafraichir sans quitter notre havre de paix. Et cerise sur le g\u00e2teau, elle n\u2019a <strong>pas besoin de grand espace, ni de connaissances particuli\u00e8res en bricolage<\/strong>. <strong>R\u00e9glable en hauteur<\/strong>, petits et grands n\u2019auront aucun mal \u00e0 se rafraichir dans le jardin, avec une douche ext\u00e9rieur originale.<\/p>\n<p>On est un brin \u00e9colo\u00a0? Pas de souci, la version <strong><a href=\"http:\/\/www.jardindeco.com\/Douche-ecologique-Solaire-F-484,14220\" target=\"_blank\">douche \u00e9cologique solaire<\/a><\/strong> est parfaite. L\u00e0 aussi, l\u2019installation est facile, m\u00eame les d\u00e9butants s\u2019en tireront \u00e0 merveille. Une arriv\u00e9e d\u2019eau et un tuyau d\u2019arrosage, et hop, c\u2019est pr\u00eat. Dans le jardin ou sur la terrasse, cet \u00e9quipement absorbe et garde la chaleur du soleil pour r\u00e9chauffer l\u2019eau. Et gr\u00e2ce au <strong>robinet mitigeur<\/strong>, \u00e0 chacun de jauger pour <strong>trouver sa temp\u00e9rature id\u00e9ale<\/strong>\u00a0!<\/p>\n<h2>Avec un brumisateur, vive la terrasse ensoleill\u00e9e\u00a0!<\/h2>\n<p><strong><img loading=\"lazy\" class=\"size-full wp-image-8994 alignleft\" src=\"https:\/\/www.jaimemonartisan.com\/blog\/app\/uploads\/2016\/08\/www.blog-jardindeco.comwp-contentuploads201607Brumisateur-ventilateur-921185c67716a2d7c0d0311a1f456d5c4010797f.jpg\" alt=\"Brumisateur ventilateur terrasse et jardin\" width=\"400\" height=\"300\" \/>Gambader dans le jardin, s\u2019amuser avec les petits, ou l\u00e9zarder tranquillement sur un transat<\/strong>\u2026 tout en se rafraichissant est une id\u00e9e qui<br \/>\nplait \u00e0 beaucoup d\u2019entre nous. L\u2019id\u00e9al\u00a0? Un <a href=\"http:\/\/www.jardindeco.com\/Brumisateur-Trio-9-Buses-4-Metres-F-508,4953\" target=\"_blank\">brumisateur terrasse<\/a>. Avec des mod\u00e8les comme le Trio\u00a0dot\u00e9s de 3 vaporisateurs t\u00e9lescopiques, se rafraichir dans le jardin est un jeu d\u2019enfants, pour les enfants, mais aussi pour les adultes. Excellent choix pour profiter de nos bouts de chou, et passer d\u2019agr\u00e9ables moments en leur compagnie.<\/p>\n<p>Faire d\u2019une pierre deux coups, n\u2019est-ce pas tentant\u00a0? Avec un <strong><a href=\"http:\/\/www.jardindeco.com\/Ventilateur-Brumisateur-D-exterieur-3-Vitesses-F-508,16283\" target=\"_blank\">brumisateur ventilateur d\u2019ext\u00e9rieur<\/a><\/strong> 3 vitesses, c\u2019est le cas de le dire. On a \u00e0 la fois le jet d\u2019eau et le courant d\u2019air pour se rafraichir dans le jardin. Gr\u00e2ce \u00e0 ses 3 niveaux de vitesse, on peut choisir d\u2019avoir <strong>juste une l\u00e9g\u00e8re brise, ou alors un souffle plus fort qui balaie notre visage et nos cheveux<\/strong>.<\/p>\n<p>&nbsp;<\/p>\n<p>Et si l\u2019on n\u2019a pas de jardin, ce n\u2019est pas un drame. V\u00e9randa, terrasse ou balcon, peu importe notre outdoor du moment qu\u2019on en a un, c\u2019est d\u00e9j\u00e0 un privil\u00e8ge, non\u00a0? Pour se rafraichir, un brumisateur terrasse est la [&#8230;]\n","protected":false},"excerpt":{"rendered":"<p>Quand la m\u00e9t\u00e9o annonce plus de 30\u00b0 \u00e0 l\u2019ombre \u00e0 la mi-journ\u00e9e, l\u2019on se dit qu\u2019il faut s\u2019\u00e9quiper pour continuer \u00e0 profiter de la vie en plein air sans mettre&#8230;<\/p>\n","protected":false},"author":2,"featured_media":3727,"comment_status":"closed","ping_status":"open","sticky":false,"template":"","format":"standard","meta":[],"categories":[1],"tags":[315],"yoast_head":"<!-- This site is optimized with the Yoast SEO plugin v15.9.2 - https:\/\/yoast.com\/wordpress\/plugins\/seo\/ -->\n<title>Comment se rafra\u00eechir dans le jardin ?<\/title>\n<meta name=\"description\" content=\"Quand la m\u00e9t\u00e9o annonce plus de 30\u00b0 \u00e0 l\u2019ombre \u00e0 la mi-journ\u00e9e, l\u2019on se dit qu\u2019il faut s\u2019\u00e9quiper pour continuer \u00e0 profiter de la vie en plein air sans mettre\" \/>\n<link rel=\"canonical\" href=\"https:\/\/www.jaimemonartisan.com\/blog\/grosses-chaleurs-comment-se-rafraichir-dans-le-jardin\/\" \/>\n<meta property=\"og:locale\" content=\"fr_FR\" \/>\n<meta property=\"og:type\" content=\"article\" \/>\n<meta property=\"og:title\" content=\"Comment se rafra\u00eechir dans le jardin ?\" \/>\n<meta property=\"og:description\" content=\"Quand la m\u00e9t\u00e9o annonce plus de 30\u00b0 \u00e0 l\u2019ombre \u00e0 la mi-journ\u00e9e, l\u2019on se dit qu\u2019il faut s\u2019\u00e9quiper pour continuer \u00e0 profiter de la vie en plein air sans mettre\" \/>\n<meta property=\"og:url\" content=\"https:\/\/www.jaimemonartisan.com\/blog\/grosses-chaleurs-comment-se-rafraichir-dans-le-jardin\/\" \/>\n<meta property=\"og:site_name\" content=\"Blog de J\u2019aime Mon Artisan\" \/>\n<meta property=\"article:publisher\" content=\"https:\/\/www.facebook.com\/jaimemonartisan\" \/>\n<meta property=\"article:published_time\" content=\"2016-08-10T16:52:51+00:00\" \/>\n<meta property=\"article:modified_time\" content=\"2019-02-05T09:40:40+00:00\" \/>\n<meta property=\"og:image\" content=\"https:\/\/www.jaimemonartisan.com\/blog\/app\/uploads\/2016\/08\/www.blog-jardindeco.comwp-contentuploads201607Brumisateur-ventilateur-921185c67716a2d7c0d0311a1f456d5c4010797f.jpg\" \/>\n\t<meta property=\"og:image:width\" content=\"400\" \/>\n\t<meta property=\"og:image:height\" content=\"300\" \/>\n<meta name=\"twitter:card\" content=\"summary\" \/>\n<meta name=\"twitter:creator\" content=\"@JaimeMonArtisan\" \/>\n<meta name=\"twitter:site\" content=\"@JaimeMonArtisan\" \/>\n<meta name=\"twitter:label1\" content=\"Est. reading time\">\n\t<meta name=\"twitter:data1\" content=\"3 minutes\">\n<script type=\"application\/ld+json\" class=\"yoast-schema-graph\">{\"@context\":\"https:\/\/schema.org\",\"@graph\":[{\"@type\":\"WebSite\",\"@id\":\"https:\/\/www.jaimemonartisan.com\/blog\/#website\",\"url\":\"https:\/\/www.jaimemonartisan.com\/blog\/\",\"name\":\"Blog de J\\u2019aime Mon Artisan\",\"description\":\"Des conseils, inspirations, tendances, guides et actualit\\u00e9s pour vos projets d\\u2019habitat et des annonces sur ceux qui construisent J\\u2019aime Mon Artisan\",\"potentialAction\":[{\"@type\":\"SearchAction\",\"target\":\"https:\/\/www.jaimemonartisan.com\/blog\/?s={search_term_string}\",\"query-input\":\"required name=search_term_string\"}],\"inLanguage\":\"fr-FR\"},{\"@type\":\"ImageObject\",\"@id\":\"https:\/\/www.jaimemonartisan.com\/blog\/grosses-chaleurs-comment-se-rafraichir-dans-le-jardin\/#primaryimage\",\"inLanguage\":\"fr-FR\",\"url\":\"https:\/\/www.jaimemonartisan.com\/blog\/app\/uploads\/2016\/08\/www.blog-jardindeco.comwp-contentuploads201607Brumisateur-ventilateur-921185c67716a2d7c0d0311a1f456d5c4010797f.jpg\",\"width\":400,\"height\":300},{\"@type\":\"WebPage\",\"@id\":\"https:\/\/www.jaimemonartisan.com\/blog\/grosses-chaleurs-comment-se-rafraichir-dans-le-jardin\/#webpage\",\"url\":\"https:\/\/www.jaimemonartisan.com\/blog\/grosses-chaleurs-comment-se-rafraichir-dans-le-jardin\/\",\"name\":\"Comment se rafra\\u00eechir dans le jardin ?\",\"isPartOf\":{\"@id\":\"https:\/\/www.jaimemonartisan.com\/blog\/#website\"},\"primaryImageOfPage\":{\"@id\":\"https:\/\/www.jaimemonartisan.com\/blog\/grosses-chaleurs-comment-se-rafraichir-dans-le-jardin\/#primaryimage\"},\"datePublished\":\"2016-08-10T16:52:51+00:00\",\"dateModified\":\"2019-02-05T09:40:40+00:00\",\"author\":{\"@id\":\"https:\/\/www.jaimemonartisan.com\/blog\/#\/schema\/person\/7e1e6bb8d10d0d5070a22f0c250daf42\"},\"description\":\"Quand la m\\u00e9t\\u00e9o annonce plus de 30\\u00b0 \\u00e0 l\\u2019ombre \\u00e0 la mi-journ\\u00e9e, l\\u2019on se dit qu\\u2019il faut s\\u2019\\u00e9quiper pour continuer \\u00e0 profiter de la vie en plein air sans mettre\",\"breadcrumb\":{\"@id\":\"https:\/\/www.jaimemonartisan.com\/blog\/grosses-chaleurs-comment-se-rafraichir-dans-le-jardin\/#breadcrumb\"},\"inLanguage\":\"fr-FR\",\"potentialAction\":[{\"@type\":\"ReadAction\",\"target\":[\"https:\/\/www.jaimemonartisan.com\/blog\/grosses-chaleurs-comment-se-rafraichir-dans-le-jardin\/\"]}]},{\"@type\":\"BreadcrumbList\",\"@id\":\"https:\/\/www.jaimemonartisan.com\/blog\/grosses-chaleurs-comment-se-rafraichir-dans-le-jardin\/#breadcrumb\",\"itemListElement\":[{\"@type\":\"ListItem\",\"position\":1,\"item\":{\"@type\":\"WebPage\",\"@id\":\"https:\/\/www.jaimemonartisan.com\/blog\/\",\"url\":\"https:\/\/www.jaimemonartisan.com\/blog\/\",\"name\":\"Accueil\"}},{\"@type\":\"ListItem\",\"position\":2,\"item\":{\"@type\":\"WebPage\",\"@id\":\"https:\/\/www.jaimemonartisan.com\/blog\/grosses-chaleurs-comment-se-rafraichir-dans-le-jardin\/\",\"url\":\"https:\/\/www.jaimemonartisan.com\/blog\/grosses-chaleurs-comment-se-rafraichir-dans-le-jardin\/\",\"name\":\"Grosses chaleurs : comment se rafraichir dans le jardin ?\"}}]},{\"@type\":\"Person\",\"@id\":\"https:\/\/www.jaimemonartisan.com\/blog\/#\/schema\/person\/7e1e6bb8d10d0d5070a22f0c250daf42\",\"name\":\"Baptiste Caspar\",\"image\":{\"@type\":\"ImageObject\",\"@id\":\"https:\/\/www.jaimemonartisan.com\/blog\/#personlogo\",\"inLanguage\":\"fr-FR\",\"url\":\"https:\/\/secure.gravatar.com\/avatar\/967f4fa3593a7d27c59f8b03e8c3f6bf?s=96&d=mm&r=g\",\"caption\":\"Baptiste Caspar\"}}]}<\/script>\n<!-- \/ Yoast SEO plugin. -->","_links":{"self":[{"href":"https:\/\/www.jaimemonartisan.com\/blog\/wp-json\/wp\/v2\/posts\/3725"}],"collection":[{"href":"https:\/\/www.jaimemonartisan.com\/blog\/wp-json\/wp\/v2\/posts"}],"about":[{"href":"https:\/\/www.jaimemonartisan.com\/blog\/wp-json\/wp\/v2\/types\/post"}],"author":[{"embeddable":true,"href":"https:\/\/www.jaimemonartisan.com\/blog\/wp-json\/wp\/v2\/users\/2"}],"replies":[{"embeddable":true,"href":"https:\/\/www.jaimemonartisan.com\/blog\/wp-json\/wp\/v2\/comments?post=3725"}],"version-history":[{"count":5,"href":"https:\/\/www.jaimemonartisan.com\/blog\/wp-json\/wp\/v2\/posts\/3725\/revisions"}],"predecessor-version":[{"id":4247,"href":"https:\/\/www.jaimemonartisan.com\/blog\/wp-json\/wp\/v2\/posts\/3725\/revisions\/4247"}],"wp:featuredmedia":[{"embeddable":true,"href":"https:\/\/www.jaimemonartisan.com\/blog\/wp-json\/wp\/v2\/media\/3727"}],"wp:attachment":[{"href":"https:\/\/www.jaimemonartisan.com\/blog\/wp-json\/wp\/v2\/media?parent=3725"}],"wp:term":[{"taxonomy":"category","embeddable":true,"href":"https:\/\/www.jaimemonartisan.com\/blog\/wp-json\/wp\/v2\/categories?post=3725"},{"taxonomy":"post_tag","embeddable":true,"href":"https:\/\/www.jaimemonartisan.com\/blog\/wp-json\/wp\/v2\/tags?post=3725"}],"curies":[{"name":"wp","href":"https:\/\/api.w.org\/{rel}","templated":true}]}}