{"id":14300,"date":"2024-01-10T15:39:38","date_gmt":"2024-01-10T14:39:38","guid":{"rendered":"https:\/\/www.jaimemonartisan.com\/blog\/?p=14300"},"modified":"2024-01-10T15:39:38","modified_gmt":"2024-01-10T14:39:38","slug":"fenetres-bien-choisies-la-cle-dune-isolation-optimale","status":"publish","type":"post","link":"https:\/\/www.jaimemonartisan.com\/blog\/fenetres-bien-choisies-la-cle-dune-isolation-optimale\/","title":{"rendered":"Des fen\u00eatres bien choisies, la cl\u00e9 d&rsquo;une isolation optimale !"},"content":{"rendered":"<p><i><span style=\"font-weight: 400;\">Vous songez \u00e0 am\u00e9liorer l&rsquo;efficacit\u00e9 \u00e9nerg\u00e9tique de votre maison tout en r\u00e9duisant vos factures de chauffage ? Ne sous-estimez pas le r\u00f4le capital des fen\u00eatres dans l&rsquo;isolation thermique de votre habitation. Choisissez au contraire judicieusement vos menuiseries pour maximiser le confort de votre chez-vous tout en minimisant votre empreinte carbone.<\/span><\/i><\/p>\n<h2><span style=\"font-weight: 400;\">Le double vitrage : le choix incontournable<\/span><\/h2>\n<p><span style=\"font-weight: 400;\">Le double vitrage est une r\u00e9f\u00e9rence en mati\u00e8re d\u2019isolation thermique. Compos\u00e9 de deux couches de verre s\u00e9par\u00e9es par une fine couche d&rsquo;air ou de gaz isolant, il limite les pertes de chaleur tout en r\u00e9duisant les bruits ext\u00e9rieurs. Nous vous recommandons d\u2019opter pour des fen\u00eatres certifi\u00e9es avec un coefficient de transmission thermique (Uw) bas pour une isolation optimale.<\/span><\/p>\n<h2><span style=\"font-weight: 400;\">Le PVC, un mat\u00e9riau isolant performant<\/span><\/h2>\n<p><span style=\"font-weight: 400;\">Le choix du mat\u00e9riau de vos fen\u00eatres est tout aussi crucial. Le PVC est l\u2019une des options les plus pris\u00e9es pour son excellent rapport qualit\u00e9-prix et ses propri\u00e9t\u00e9s isolantes. Il r\u00e9siste aux intemp\u00e9ries, ne n\u00e9cessite que peu d&rsquo;entretien et offre une isolation thermique de premier ordre. Vous pouvez faire confiance \u00e0 <\/span><a href=\"https:\/\/oknoplast.fr\/\"><b>oknoplast une entreprise dans la menuiserie<\/b><\/a><span style=\"font-weight: 400;\">, fabricant des portes, volets et fen\u00eatres en PVC.<\/span><\/p>\n<h2><span style=\"font-weight: 400;\">Les fen\u00eatres en bois, alliance de tradition et d&rsquo;efficacit\u00e9<\/span><\/h2>\n<p><span style=\"font-weight: 400;\">Si vous aimez les environnements chaleureux, pensez \u00e0 une alternative qui assure \u00e9galement \u00e0 votre habitat une performance \u00e9nerg\u00e9tique de haut niveau : les fen\u00eatres en bois. Ce mat\u00e9riau naturel offre une isolation thermique sup\u00e9rieure tout en ajoutant une touche d&rsquo;\u00e9l\u00e9gance \u00e0 votre maison.<\/span><\/p>\n<h2><span style=\"font-weight: 400;\">Les fen\u00eatres \u00e0 triple vitrage : une option haut de gamme<\/span><\/h2>\n<p><span style=\"font-weight: 400;\">Pour ceux qui visent l&rsquo;excellence en mati\u00e8re d&rsquo;isolation, les fen\u00eatres triple vitrage sont la solution ultime. Avec trois couches de verre et des intercalaires isolants, ce dispositif offre une performance thermique sans pareil, id\u00e9ale pour les r\u00e9gions aux hivers rudes.<\/span><\/p>\n<p><span style=\"font-weight: 400;\">N\u2019h\u00e9sitez pas \u00e0 consulter un professionnel pour d\u00e9terminer les besoins sp\u00e9cifiques de votre logement. En combinant un vitrage performant avec le bon mat\u00e9riau, vous cr\u00e9erez un environnement int\u00e9rieur agr\u00e9able et pourrez r\u00e9duire vos d\u00e9penses en chauffage de mani\u00e8re durable.<\/span><\/p>\n","protected":false},"excerpt":{"rendered":"<p>Vous songez \u00e0 am\u00e9liorer l&rsquo;efficacit\u00e9 \u00e9nerg\u00e9tique de votre maison tout en r\u00e9duisant vos factures de chauffage ? Ne sous-estimez pas le r\u00f4le capital des fen\u00eatres dans l&rsquo;isolation thermique de votre&#8230;<\/p>\n","protected":false},"author":77,"featured_media":14303,"comment_status":"closed","ping_status":"closed","sticky":false,"template":"","format":"standard","meta":[],"categories":[1],"tags":[],"yoast_head":"<!-- This site is optimized with the Yoast SEO plugin v15.9.2 - https:\/\/yoast.com\/wordpress\/plugins\/seo\/ -->\n<title>Des fen\u00eatres bien choisies, la cl\u00e9 d&#039;une isolation optimale ! &ndash; Blog de J\u2019aime Mon Artisan<\/title>\n<meta name=\"description\" content=\"Vous songez \u00e0 am\u00e9liorer l&#039;efficacit\u00e9 \u00e9nerg\u00e9tique de votre maison tout en r\u00e9duisant vos factures de chauffage ? Ne sous-estimez pas le r\u00f4le capital des fen\u00eatres.\" \/>\n<link rel=\"canonical\" href=\"https:\/\/www.jaimemonartisan.com\/blog\/fenetres-bien-choisies-la-cle-dune-isolation-optimale\/\" \/>\n<meta property=\"og:locale\" content=\"fr_FR\" \/>\n<meta property=\"og:type\" content=\"article\" \/>\n<meta property=\"og:title\" content=\"Des fen\u00eatres bien choisies, la cl\u00e9 d&#039;une isolation optimale ! &ndash; Blog de J\u2019aime Mon Artisan\" \/>\n<meta property=\"og:description\" content=\"Vous songez \u00e0 am\u00e9liorer l&#039;efficacit\u00e9 \u00e9nerg\u00e9tique de votre maison tout en r\u00e9duisant vos factures de chauffage ? Ne sous-estimez pas le r\u00f4le capital des fen\u00eatres.\" \/>\n<meta property=\"og:url\" content=\"https:\/\/www.jaimemonartisan.com\/blog\/fenetres-bien-choisies-la-cle-dune-isolation-optimale\/\" \/>\n<meta property=\"og:site_name\" content=\"Blog de J\u2019aime Mon Artisan\" \/>\n<meta property=\"article:publisher\" content=\"https:\/\/www.facebook.com\/jaimemonartisan\" \/>\n<meta property=\"article:published_time\" content=\"2024-01-10T14:39:38+00:00\" \/>\n<meta property=\"og:image\" content=\"https:\/\/www.jaimemonartisan.com\/blog\/app\/uploads\/2024\/01\/eduard-Q4PvX80itZ0-unsplash-scaled.jpg\" \/>\n\t<meta property=\"og:image:width\" content=\"2560\" \/>\n\t<meta property=\"og:image:height\" content=\"1707\" \/>\n<meta name=\"twitter:card\" content=\"summary\" \/>\n<meta name=\"twitter:creator\" content=\"@JaimeMonArtisan\" \/>\n<meta name=\"twitter:site\" content=\"@JaimeMonArtisan\" \/>\n<meta name=\"twitter:label1\" content=\"Est. reading time\">\n\t<meta name=\"twitter:data1\" content=\"2 minutes\">\n<script type=\"application\/ld+json\" class=\"yoast-schema-graph\">{\"@context\":\"https:\/\/schema.org\",\"@graph\":[{\"@type\":\"WebSite\",\"@id\":\"https:\/\/www.jaimemonartisan.com\/blog\/#website\",\"url\":\"https:\/\/www.jaimemonartisan.com\/blog\/\",\"name\":\"Blog de J\\u2019aime Mon Artisan\",\"description\":\"Des conseils, inspirations, tendances, guides et actualit\\u00e9s pour vos projets d\\u2019habitat et des annonces sur ceux qui construisent J\\u2019aime Mon Artisan\",\"potentialAction\":[{\"@type\":\"SearchAction\",\"target\":\"https:\/\/www.jaimemonartisan.com\/blog\/?s={search_term_string}\",\"query-input\":\"required name=search_term_string\"}],\"inLanguage\":\"fr-FR\"},{\"@type\":\"ImageObject\",\"@id\":\"https:\/\/www.jaimemonartisan.com\/blog\/fenetres-bien-choisies-la-cle-dune-isolation-optimale\/#primaryimage\",\"inLanguage\":\"fr-FR\",\"url\":\"https:\/\/www.jaimemonartisan.com\/blog\/app\/uploads\/2024\/01\/eduard-Q4PvX80itZ0-unsplash-scaled.jpg\",\"width\":2560,\"height\":1707},{\"@type\":\"WebPage\",\"@id\":\"https:\/\/www.jaimemonartisan.com\/blog\/fenetres-bien-choisies-la-cle-dune-isolation-optimale\/#webpage\",\"url\":\"https:\/\/www.jaimemonartisan.com\/blog\/fenetres-bien-choisies-la-cle-dune-isolation-optimale\/\",\"name\":\"Des fen\\u00eatres bien choisies, la cl\\u00e9 d'une isolation optimale ! &ndash; Blog de J\\u2019aime Mon Artisan\",\"isPartOf\":{\"@id\":\"https:\/\/www.jaimemonartisan.com\/blog\/#website\"},\"primaryImageOfPage\":{\"@id\":\"https:\/\/www.jaimemonartisan.com\/blog\/fenetres-bien-choisies-la-cle-dune-isolation-optimale\/#primaryimage\"},\"datePublished\":\"2024-01-10T14:39:38+00:00\",\"dateModified\":\"2024-01-10T14:39:38+00:00\",\"author\":{\"@id\":\"https:\/\/www.jaimemonartisan.com\/blog\/#\/schema\/person\/93c5430fba8c9fbaa4d5991601e0f1c5\"},\"description\":\"Vous songez \\u00e0 am\\u00e9liorer l'efficacit\\u00e9 \\u00e9nerg\\u00e9tique de votre maison tout en r\\u00e9duisant vos factures de chauffage ? Ne sous-estimez pas le r\\u00f4le capital des fen\\u00eatres.\",\"breadcrumb\":{\"@id\":\"https:\/\/www.jaimemonartisan.com\/blog\/fenetres-bien-choisies-la-cle-dune-isolation-optimale\/#breadcrumb\"},\"inLanguage\":\"fr-FR\",\"potentialAction\":[{\"@type\":\"ReadAction\",\"target\":[\"https:\/\/www.jaimemonartisan.com\/blog\/fenetres-bien-choisies-la-cle-dune-isolation-optimale\/\"]}]},{\"@type\":\"BreadcrumbList\",\"@id\":\"https:\/\/www.jaimemonartisan.com\/blog\/fenetres-bien-choisies-la-cle-dune-isolation-optimale\/#breadcrumb\",\"itemListElement\":[{\"@type\":\"ListItem\",\"position\":1,\"item\":{\"@type\":\"WebPage\",\"@id\":\"https:\/\/www.jaimemonartisan.com\/blog\/\",\"url\":\"https:\/\/www.jaimemonartisan.com\/blog\/\",\"name\":\"Accueil\"}},{\"@type\":\"ListItem\",\"position\":2,\"item\":{\"@type\":\"WebPage\",\"@id\":\"https:\/\/www.jaimemonartisan.com\/blog\/fenetres-bien-choisies-la-cle-dune-isolation-optimale\/\",\"url\":\"https:\/\/www.jaimemonartisan.com\/blog\/fenetres-bien-choisies-la-cle-dune-isolation-optimale\/\",\"name\":\"Des fen\\u00eatres bien choisies, la cl\\u00e9 d&rsquo;une isolation optimale !\"}}]},{\"@type\":\"Person\",\"@id\":\"https:\/\/www.jaimemonartisan.com\/blog\/#\/schema\/person\/93c5430fba8c9fbaa4d5991601e0f1c5\",\"name\":\"Oc\\u00e9ane Auzoux\",\"image\":{\"@type\":\"ImageObject\",\"@id\":\"https:\/\/www.jaimemonartisan.com\/blog\/#personlogo\",\"inLanguage\":\"fr-FR\",\"url\":\"https:\/\/secure.gravatar.com\/avatar\/144d5147a23ece4e8a40c4324effce99?s=96&d=mm&r=g\",\"caption\":\"Oc\\u00e9ane Auzoux\"}}]}<\/script>\n<!-- \/ Yoast SEO plugin. -->","_links":{"self":[{"href":"https:\/\/www.jaimemonartisan.com\/blog\/wp-json\/wp\/v2\/posts\/14300"}],"collection":[{"href":"https:\/\/www.jaimemonartisan.com\/blog\/wp-json\/wp\/v2\/posts"}],"about":[{"href":"https:\/\/www.jaimemonartisan.com\/blog\/wp-json\/wp\/v2\/types\/post"}],"author":[{"embeddable":true,"href":"https:\/\/www.jaimemonartisan.com\/blog\/wp-json\/wp\/v2\/users\/77"}],"replies":[{"embeddable":true,"href":"https:\/\/www.jaimemonartisan.com\/blog\/wp-json\/wp\/v2\/comments?post=14300"}],"version-history":[{"count":1,"href":"https:\/\/www.jaimemonartisan.com\/blog\/wp-json\/wp\/v2\/posts\/14300\/revisions"}],"predecessor-version":[{"id":14304,"href":"https:\/\/www.jaimemonartisan.com\/blog\/wp-json\/wp\/v2\/posts\/14300\/revisions\/14304"}],"wp:featuredmedia":[{"embeddable":true,"href":"https:\/\/www.jaimemonartisan.com\/blog\/wp-json\/wp\/v2\/media\/14303"}],"wp:attachment":[{"href":"https:\/\/www.jaimemonartisan.com\/blog\/wp-json\/wp\/v2\/media?parent=14300"}],"wp:term":[{"taxonomy":"category","embeddable":true,"href":"https:\/\/www.jaimemonartisan.com\/blog\/wp-json\/wp\/v2\/categories?post=14300"},{"taxonomy":"post_tag","embeddable":true,"href":"https:\/\/www.jaimemonartisan.com\/blog\/wp-json\/wp\/v2\/tags?post=14300"}],"curies":[{"name":"wp","href":"https:\/\/api.w.org\/{rel}","templated":true}]}}