{"id":12280,"date":"2018-10-23T10:29:41","date_gmt":"2018-10-23T08:29:41","guid":{"rendered":"https:\/\/www.jaimemonartisan.com\/blog\/?p=12280"},"modified":"2022-01-20T14:25:15","modified_gmt":"2022-01-20T13:25:15","slug":"startup-equipbaie","status":"publish","type":"post","link":"https:\/\/www.jaimemonartisan.com\/blog\/startup-equipbaie\/","title":{"rendered":"La petite start-up dans le monde des grands"},"content":{"rendered":"<p class=\"lead\">J&rsquo;aime Mon Artisan est fier de vous annoncer sa pr\u00e9sence au plus important salon du secteur de la menuiserie en France. Nous\u00a0travaillons tous les jours \u00e0 la recherche\u00a0de nouveaux supports pour faire connaitre notre innovation.\u00a0C&rsquo;est officiel, nous faisons partie des exposants du salon Equipbaie, qui se d\u00e9roulera du 20 au 23 novembre 2018 \u00e0 la Porte de Versailles.<br \/>\nRestez connect\u00e9s, vous pouvez suivre l&rsquo;aventure sur <a href=\"https:\/\/www.facebook.com\/JaimeMonArtisan\/\" target=\"_blank\" rel=\"noopener\">Facebook<\/a> ou sur notre page <a href=\"https:\/\/www.instagram.com\/jaimemonartisan\/?hl=fr\" target=\"_blank\" rel=\"noopener\">Instagram<\/a>.<\/p>\n<h2>Piq\u00fbre de rappel<\/h2>\n<p>J\u2019aime Mon Artisan est la premi\u00e8re Marketplace d\u00e9di\u00e9e aux menuiseries ext\u00e9rieures sur-mesure cr\u00e9\u00e9 en 2016. Elle permet de comparer, personnaliser et acheter en ligne une porte, un store ou un portail 100 % personnalisable, comprenant son installation par un artisan partenaire de proximit\u00e9.<br \/>\nChanger de porte d\u2019entr\u00e9e, installer un store ou un portail sur-mesure s\u2019av\u00e8re compliqu\u00e9 : comment choisir son produit, quel est le juste prix, comment trouver un artisan de confiance et comp\u00e9tent\u2026 J\u2019aime Mon Artisan est n\u00e9 de toutes ces heures perdues \u00e0 faire avancer son projet de travaux. D\u00e9sormais, termin\u00e9s les pages jaunes, les rendez-vous interminables avec les commerciaux, les d\u00e9lais non-respect\u00e9s et les devis \u00e0 la t\u00eate du client. Nous voulons (re) faire des travaux une exp\u00e9rience r\u00e9jouissante en accompagnant chaque client de la d\u00e9finition de son projet jusqu\u2019\u00e0 l\u2019installation de son produit<\/p>\n<h2>Notre mission,\u00a0nos ambitions<\/h2>\n<p>J&rsquo;aime Mon Artisan se doit donc d&rsquo;\u00eatre pr\u00e9sent lors de ce salon national. Notre volont\u00e9, expliquer aux industriels fran\u00e7ais que le march\u00e9 des travaux de l&rsquo;habitat est en passe de se transformer gr\u00e2ce \u00e0 Internet.<strong> Notre\u00a0<\/strong><strong>mission, convaincre ces m\u00eames industriels qu&rsquo;ils courent \u00e0 leur perte s&rsquo;ils ne digitalisent pas rapidement leur distribution. <\/strong>Pour ce faire, notre \u00e9quipe se rend sur le terrain du 20 au 23 novembre\u00a0pour se faire entendre et surtout, pour faire entendre raison \u00e0 nos chers et\u00a0tendres fabricants de menuiserie ! Rejoindre le circuit J&rsquo;aime Mon Artisan, c&rsquo;est assurer la p\u00e9rennit\u00e9\u00a0des m\u00e9tiers dans la digitalisation in\u00e9vitable que va subir ce march\u00e9. Nous aidons les fabricants \u00e0 vendre leurs produits sur Internet via leur r\u00e9seau d\u2019artisans.<br \/>\nNous voulons que ce concept profite aux artisans et aux fabricants fran\u00e7ais : pas question de court-circuiter les acteurs historiques, seuls comp\u00e9tents \u00e0 la r\u00e9alisation de chantiers dans les r\u00e8gles de l\u2019art, qui respectent l\u2019exigence des normes fran\u00e7aises.<\/p>\n<div id=\"attachment_14072\" style=\"width: 510px\" class=\"wp-caption aligncenter\"><img aria-describedby=\"caption-attachment-14072\" loading=\"lazy\" class=\"wp-image-14072\" src=\"https:\/\/www.jaimemonartisan.com\/blog\/app\/uploads\/2018\/10\/Sans-titre-15-1024x427.png\" alt=\"\" width=\"500\" height=\"208\" data-headline=\"PUB EQUIPBAIE\" srcset=\"https:\/\/www.jaimemonartisan.com\/blog\/app\/uploads\/2018\/10\/Sans-titre-15-1024x427.png 1024w, https:\/\/www.jaimemonartisan.com\/blog\/app\/uploads\/2018\/10\/Sans-titre-15-300x125.png 300w, https:\/\/www.jaimemonartisan.com\/blog\/app\/uploads\/2018\/10\/Sans-titre-15-847x353.png 847w, https:\/\/www.jaimemonartisan.com\/blog\/app\/uploads\/2018\/10\/Sans-titre-15-1200x500.png 1200w, https:\/\/www.jaimemonartisan.com\/blog\/app\/uploads\/2018\/10\/Sans-titre-15.png 1536w\" sizes=\"(max-width: 500px) 100vw, 500px\" \/><p id=\"caption-attachment-14072\" class=\"wp-caption-text\">Cr\u00e9dit photo : Equipbaie &#8211; brochure<\/p><\/div>\n<p style=\"text-align: center;\"><strong>ALORS,\u00a0CHERS\u00a0ARTISANS ET CHERS FABRICANTS, VOUS SAVEZ CE QU&rsquo;ON DIT&#8230;<\/strong><\/p>\n","protected":false},"excerpt":{"rendered":"<p>J&rsquo;aime Mon Artisan est fier de vous annoncer sa pr\u00e9sence au plus important salon du secteur de la menuiserie en France. Nous\u00a0travaillons tous les jours \u00e0 la recherche\u00a0de nouveaux supports&#8230;<\/p>\n","protected":false},"author":2,"featured_media":14073,"comment_status":"open","ping_status":"open","sticky":false,"template":"","format":"standard","meta":[],"categories":[1],"tags":[323],"yoast_head":"<!-- This site is optimized with the Yoast SEO plugin v15.9.2 - https:\/\/yoast.com\/wordpress\/plugins\/seo\/ -->\n<title>La petite start-up dans le monde des grands<\/title>\n<meta name=\"description\" content=\"J&#039;aime Mon Artisan est fier de vous annoncer sa pr\u00e9sence au plus important salon dans le secteur de la menuiserie en France, le salon Equipbaie.\" \/>\n<link rel=\"canonical\" href=\"https:\/\/www.jaimemonartisan.com\/blog\/startup-equipbaie\/\" \/>\n<meta property=\"og:locale\" content=\"fr_FR\" \/>\n<meta property=\"og:type\" content=\"article\" \/>\n<meta property=\"og:title\" content=\"La petite start-up dans le monde des grands\" \/>\n<meta property=\"og:description\" content=\"J&#039;aime Mon Artisan est fier de vous annoncer sa pr\u00e9sence au plus important salon dans le secteur de la menuiserie en France, le salon Equipbaie.\" \/>\n<meta property=\"og:url\" content=\"https:\/\/www.jaimemonartisan.com\/blog\/startup-equipbaie\/\" \/>\n<meta property=\"og:site_name\" content=\"Blog de J\u2019aime Mon Artisan\" \/>\n<meta property=\"article:publisher\" content=\"https:\/\/www.facebook.com\/jaimemonartisan\" \/>\n<meta property=\"article:published_time\" content=\"2018-10-23T08:29:41+00:00\" \/>\n<meta property=\"article:modified_time\" content=\"2022-01-20T13:25:15+00:00\" \/>\n<meta property=\"og:image\" content=\"https:\/\/www.jaimemonartisan.com\/blog\/app\/uploads\/2018\/10\/Credit_photo_equipbaie-1024x370-1.jpg\" \/>\n\t<meta property=\"og:image:width\" content=\"1024\" \/>\n\t<meta property=\"og:image:height\" content=\"370\" \/>\n<meta name=\"twitter:card\" content=\"summary\" \/>\n<meta name=\"twitter:creator\" content=\"@JaimeMonArtisan\" \/>\n<meta name=\"twitter:site\" content=\"@JaimeMonArtisan\" \/>\n<meta name=\"twitter:label1\" content=\"Est. reading time\">\n\t<meta name=\"twitter:data1\" content=\"2 minutes\">\n<script type=\"application\/ld+json\" class=\"yoast-schema-graph\">{\"@context\":\"https:\/\/schema.org\",\"@graph\":[{\"@type\":\"WebSite\",\"@id\":\"https:\/\/www.jaimemonartisan.com\/blog\/#website\",\"url\":\"https:\/\/www.jaimemonartisan.com\/blog\/\",\"name\":\"Blog de J\\u2019aime Mon Artisan\",\"description\":\"Des conseils, inspirations, tendances, guides et actualit\\u00e9s pour vos projets d\\u2019habitat et des annonces sur ceux qui construisent J\\u2019aime Mon Artisan\",\"potentialAction\":[{\"@type\":\"SearchAction\",\"target\":\"https:\/\/www.jaimemonartisan.com\/blog\/?s={search_term_string}\",\"query-input\":\"required name=search_term_string\"}],\"inLanguage\":\"fr-FR\"},{\"@type\":\"ImageObject\",\"@id\":\"https:\/\/www.jaimemonartisan.com\/blog\/startup-equipbaie\/#primaryimage\",\"inLanguage\":\"fr-FR\",\"url\":\"https:\/\/www.jaimemonartisan.com\/blog\/app\/uploads\/2018\/10\/Credit_photo_equipbaie-1024x370-1.jpg\",\"width\":1024,\"height\":370},{\"@type\":\"WebPage\",\"@id\":\"https:\/\/www.jaimemonartisan.com\/blog\/startup-equipbaie\/#webpage\",\"url\":\"https:\/\/www.jaimemonartisan.com\/blog\/startup-equipbaie\/\",\"name\":\"La petite start-up dans le monde des grands\",\"isPartOf\":{\"@id\":\"https:\/\/www.jaimemonartisan.com\/blog\/#website\"},\"primaryImageOfPage\":{\"@id\":\"https:\/\/www.jaimemonartisan.com\/blog\/startup-equipbaie\/#primaryimage\"},\"datePublished\":\"2018-10-23T08:29:41+00:00\",\"dateModified\":\"2022-01-20T13:25:15+00:00\",\"author\":{\"@id\":\"https:\/\/www.jaimemonartisan.com\/blog\/#\/schema\/person\/7e1e6bb8d10d0d5070a22f0c250daf42\"},\"description\":\"J'aime Mon Artisan est fier de vous annoncer sa pr\\u00e9sence au plus important salon dans le secteur de la menuiserie en France, le salon Equipbaie.\",\"breadcrumb\":{\"@id\":\"https:\/\/www.jaimemonartisan.com\/blog\/startup-equipbaie\/#breadcrumb\"},\"inLanguage\":\"fr-FR\",\"potentialAction\":[{\"@type\":\"ReadAction\",\"target\":[\"https:\/\/www.jaimemonartisan.com\/blog\/startup-equipbaie\/\"]}]},{\"@type\":\"BreadcrumbList\",\"@id\":\"https:\/\/www.jaimemonartisan.com\/blog\/startup-equipbaie\/#breadcrumb\",\"itemListElement\":[{\"@type\":\"ListItem\",\"position\":1,\"item\":{\"@type\":\"WebPage\",\"@id\":\"https:\/\/www.jaimemonartisan.com\/blog\/\",\"url\":\"https:\/\/www.jaimemonartisan.com\/blog\/\",\"name\":\"Accueil\"}},{\"@type\":\"ListItem\",\"position\":2,\"item\":{\"@type\":\"WebPage\",\"@id\":\"https:\/\/www.jaimemonartisan.com\/blog\/startup-equipbaie\/\",\"url\":\"https:\/\/www.jaimemonartisan.com\/blog\/startup-equipbaie\/\",\"name\":\"La petite start-up dans le monde des grands\"}}]},{\"@type\":\"Person\",\"@id\":\"https:\/\/www.jaimemonartisan.com\/blog\/#\/schema\/person\/7e1e6bb8d10d0d5070a22f0c250daf42\",\"name\":\"Baptiste Caspar\",\"image\":{\"@type\":\"ImageObject\",\"@id\":\"https:\/\/www.jaimemonartisan.com\/blog\/#personlogo\",\"inLanguage\":\"fr-FR\",\"url\":\"https:\/\/secure.gravatar.com\/avatar\/967f4fa3593a7d27c59f8b03e8c3f6bf?s=96&d=mm&r=g\",\"caption\":\"Baptiste Caspar\"}}]}<\/script>\n<!-- \/ Yoast SEO plugin. -->","_links":{"self":[{"href":"https:\/\/www.jaimemonartisan.com\/blog\/wp-json\/wp\/v2\/posts\/12280"}],"collection":[{"href":"https:\/\/www.jaimemonartisan.com\/blog\/wp-json\/wp\/v2\/posts"}],"about":[{"href":"https:\/\/www.jaimemonartisan.com\/blog\/wp-json\/wp\/v2\/types\/post"}],"author":[{"embeddable":true,"href":"https:\/\/www.jaimemonartisan.com\/blog\/wp-json\/wp\/v2\/users\/2"}],"replies":[{"embeddable":true,"href":"https:\/\/www.jaimemonartisan.com\/blog\/wp-json\/wp\/v2\/comments?post=12280"}],"version-history":[{"count":24,"href":"https:\/\/www.jaimemonartisan.com\/blog\/wp-json\/wp\/v2\/posts\/12280\/revisions"}],"predecessor-version":[{"id":14074,"href":"https:\/\/www.jaimemonartisan.com\/blog\/wp-json\/wp\/v2\/posts\/12280\/revisions\/14074"}],"wp:featuredmedia":[{"embeddable":true,"href":"https:\/\/www.jaimemonartisan.com\/blog\/wp-json\/wp\/v2\/media\/14073"}],"wp:attachment":[{"href":"https:\/\/www.jaimemonartisan.com\/blog\/wp-json\/wp\/v2\/media?parent=12280"}],"wp:term":[{"taxonomy":"category","embeddable":true,"href":"https:\/\/www.jaimemonartisan.com\/blog\/wp-json\/wp\/v2\/categories?post=12280"},{"taxonomy":"post_tag","embeddable":true,"href":"https:\/\/www.jaimemonartisan.com\/blog\/wp-json\/wp\/v2\/tags?post=12280"}],"curies":[{"name":"wp","href":"https:\/\/api.w.org\/{rel}","templated":true}]}}