{"id":12109,"date":"2023-10-09T12:24:19","date_gmt":"2023-10-09T10:24:19","guid":{"rendered":"https:\/\/www.jaimemonartisan.com\/blog\/?p=12109"},"modified":"2023-10-31T14:20:33","modified_gmt":"2023-10-31T13:20:33","slug":"top-10-fabricants-fenetres","status":"publish","type":"post","link":"https:\/\/www.jaimemonartisan.com\/blog\/top-10-fabricants-fenetres\/","title":{"rendered":"TOP 10 des fabricants de fen\u00eatres"},"content":{"rendered":"<p class=\"lead\">Vous cherchez des fen\u00eatres\u00a0en bois, en PVC, au look contemporaines ou classiques\u00a0?\u00a0 Voici une s\u00e9lection des principaux fabricants de fen\u00eatres (Made in France). Cet\u00a0liste\u00a0vous permettra de\u00a0choisir le bon fabricant de fen\u00eatres\u00a0ainsi que les fen\u00eatres les plus adapt\u00e9es \u00e0 vos\u00a0d\u00e9sirs et \u00e0 votre budget.<\/p>\n<p>Tout d&rsquo;abord, le<a href=\"https:\/\/www.jaimemonartisan.com\/blog\/comment-bien-choisir-mes-fenetres\/\" target=\"_blank\" rel=\"noopener\">\u00a0choix du bon type de fen\u00eatres<\/a>\u00a0(mat\u00e9riaux, vitrage, forme et ouverture et \u00e9l\u00e9ments de s\u00e9curit\u00e9s) est d\u00e9termin\u00e9 par un ensemble de facteurs propres \u00e0 la configuration de votre habitat et \u00e0 votre projet.\u00a0 Lorsque vous\u00a0saurez le type de fen\u00eatre n\u00e9cessaire au bon ach\u00e8vement de votre projet , il s\u2019agira pour vous de trouver le bon fabricant ainsi que le distributeur\/installateur le plus proche de chez vous. En effet, lorsque vous investissez dans l\u2019achat de fen\u00eatres,\u00a0le choix du produit est aussi important que le<strong>\u00a0<a href=\"https:\/\/www.jaimemonartisan.com\/blog\/realiser-travaux-soi-meme-ou-par-professionnel\/\" target=\"_blank\" rel=\"noopener\">choix de l\u2019installateur<\/a><\/strong>.<\/p>\n<p style=\"text-align: center;\"><span class='maxbutton-5-container mb-container'><a class=\"maxbutton-5 maxbutton maxbutton-lien-classique\" target=\"_blank\" href=\"https:\/\/www.jaimemonartisan.com\/comparateur\/prix-fenetre\/installation-fenetre\"><span class='mb-text'>Commandez des fen\u00eatres sur-mesure sur J'aime Mon Artisan \u2192 <\/span><\/a><\/span>\n<p>&nbsp;<\/p>\n<p><strong>Voici notre TOP 10 des fabricants de fen\u00eatres :<\/strong><\/p>\n<ul>\n<li>Fen\u00eatres <strong>Atrya<\/strong><\/li>\n<li>Fen\u00eatres <strong>Atlantem<\/strong><\/li>\n<li>Fen\u00eatres <strong>Bouvet<\/strong><\/li>\n<li>Fen\u00eatres <strong>Dako<\/strong><\/li>\n<li>Fen\u00eatres <strong>Janneau<\/strong><\/li>\n<li>Fen\u00eatres <strong>Swao<\/strong><\/li>\n<li>Fen\u00eatres <strong>K-Line<\/strong><\/li>\n<li>Fen\u00eatres <strong>Lorillard<\/strong><\/li>\n<li>Fen\u00eatres <strong>FPEE<\/strong><\/li>\n<li>Fen\u00eatres <strong>Oknoplast<\/strong><\/li>\n<\/ul>\n<p>&nbsp;<\/p>\n<p>&nbsp;<\/p>\n<h3>1 : ATRYA, le num\u00e9ro 1 en France de la fen\u00eatre PVC<\/h3>\n<p>&nbsp;<\/p>\n<h3><img loading=\"lazy\" class=\"fabricants de fen\u00eatres aligncenter wp-image-12121 \" title=\"fabricants de fen\u00eatres\" src=\"https:\/\/www.jaimemonartisan.com\/blog\/app\/uploads\/2018\/10\/logo_atrya.png\" alt=\"fabricants de fen\u00eatres\" width=\"285\" height=\"55\" data-headline=\"logo_atrya\" \/><\/h3>\n<p>&nbsp;<\/p>\n<ul>\n<li><strong>Lieux de production\u00a0<\/strong>\u00a0:<br \/>\n&#8211; AMCC:\u00a0Ch\u00e2teauroux, La Bresse, La Cavalerie\u00a0&#x1f1eb;&#x1f1f7;<br \/>\n&#8211; TRYBA :<br \/>\n-Oron-la-Ville\u00a0&#x1f1e8;&#x1f1ed; (Suisse)<br \/>\n-Gundershoffen\u00a0&#x1f1eb;&#x1f1f7;\u00a0(67,\u00a0France)<\/li>\n<li><strong>Nombre de gamme<\/strong> : 5 gammes de fen\u00eatres et baies<\/li>\n<li><strong>Gamme de mat\u00e9riaux des fen\u00eatres fabriqu\u00e9es<\/strong> : &#8211; PVC &#8211; Aluminium &#8211; Bois &#8211; Mixte<\/li>\n<\/ul>\n<p><strong>Atrya<\/strong>\u00a0est un grand groupe fran\u00e7ais et europ\u00e9en qui est n\u00e9 de la marque unique TRYBA, le num\u00e9ro 1 de la fen\u00eatre PVC en France cr\u00e9e en 1980. Tryba ne tient pas son statut de leader en France pour rien. Effectivement, avec plus de\u00a0250 espaces de vente, Tryba est parfaitement implant\u00e9 pour guider ses clients et leur offre un \u00ab\u00a0pacte d\u2019excellence\u00a0\u00bb afin de s\u2019assurer leur fid\u00e9lit\u00e9\u00a0: remboursement de la diff\u00e9rence, garantie sur 30 ans (soit plus la majorit\u00e9 des autres fabricants de fen\u00eatres), recyclage, solidit\u00e9, etc&#8230; Depuis leur lancement, TRYBA favorise une attitude<strong>\u00a0<\/strong>\u00e9co-citoyenne<strong>\u00a0<\/strong>avec des produits adapt\u00e9s aux b\u00e2timents BBC et \u00e0 la RT 2012. Le groupe ATRYA poss\u00e8de un autre atout de taille :\u00a0le fabricant AMCC. AMCC poss\u00e8de une\u00a0large gamme de produits sur-mesure ce qui permet de r\u00e9pondre aux exigences des menuisiers en neuf ou en r\u00e9novation et pour\u00a0tous les types de logements\u00a0: maisons individuelles, h\u00f4tels, h\u00f4pitaux, \u00e9coles&#8230; Les fen\u00eatres en PVC et Aluminium sont fabriqu\u00e9es en France et sont\u00a0certifi\u00e9es<strong>\u00a0<\/strong>par les labels fran\u00e7ais en vigueur. L\u2019outil de production ultra-performant d\u00e9di\u00e9 au sur-mesure industriel offre qualit\u00e9 premium et prix adapt\u00e9s. Mais ce qui fait la force du fabricant AMCC c&rsquo;est son r\u00e9seau de distribution compos\u00e9e uniquement d&rsquo;artisans et de menuiseries\u00a0au savoir-faire reconnu qui ont \u00e0 c\u0153ur les valeurs de leur travail et de l&rsquo;artisanat.<\/p>\n<p><strong>Pour en savoir plus :<\/strong>\u00a0 <a href=\"http:\/\/www.atrya.fr\/\">www.atrya.fr\/<\/a><\/p>\n<p style=\"text-align: center;\">Prix fen\u00eatre 2 vantaux \u00e0 partir de 238 \u20ac TTC &#8211; Installation Incluse <span class='maxbutton-5-container mb-container'><a class=\"maxbutton-5 maxbutton maxbutton-lien-classique\" target=\"_blank\" href=\"https:\/\/jaimemonartisan.com\/comparateur\/prix-fenetre\/installation-fenetre\"><span class='mb-text'>Comparez les fen\u00eatres 100% personnalisables AMCC \u2192<\/span><\/a><\/span>\n<hr \/>\n<h3><strong>2: ATLANTEM, prim\u00e9e au concours de l&rsquo;innovation 2018 sur sa gamme mixte AM-X<\/strong><\/h3>\n<p>&nbsp;<\/p>\n<p><img loading=\"lazy\" class=\"fabricants de fen\u00eatres wp-image-13770 aligncenter\" title=\"fabricants de fen\u00eatres\" src=\"https:\/\/www.jaimemonartisan.com\/blog\/app\/uploads\/2018\/10\/Atlantem-fabriquants-fenetres.png\" alt=\"\" width=\"291\" height=\"92\" data-headline=\"Atlantem logo\" \/><\/p>\n<ul>\n<li><strong>Lieux de production\u00a0<\/strong>\u00a0: 8 sites en France\u00a0&#x1f1eb;&#x1f1f7;<\/li>\n<li><strong>Nombre de gamme<\/strong> : 4 gammes fen\u00eatres et baies<\/li>\n<li><strong>Gamme de mat\u00e9riaux des fen\u00eatres fabriqu\u00e9es<\/strong> : &#8211; PVC &#8211; Aluminium &#8211; Bois &#8211; Mixte<\/li>\n<\/ul>\n<p>&nbsp;<\/p>\n<p><strong>Atlantem<\/strong>, con\u00e7oit et commercialise une gamme compl\u00e8te de menuiseries ext\u00e9rieures en\u00a0PVC, Bois, Alu et Mixte et\u00a0sont\u00a0fabriqu\u00e9es sur-mesure<strong>\u00a0<\/strong>pour s\u2019adapter \u00e0 toutes les solutions de pose, en neuf comme en r\u00e9novation..\u00a0\u00a0En 2016,\u00a0Atlantem\u00a0a d\u00e9velopp\u00e9 une nouvelle gamme de fen\u00eatre hybride: AM-X<sup>\u00ae<\/sup>, prim\u00e9e au concours de l\u2019innovation du mondial du b\u00e2timent. Les fen\u00eatres AM-X\u00a0vous offrent les avantages des 3 mat\u00e9riaux connus : le pouvoir isolant du PVC, la r\u00e9sistance\u00a0de l&rsquo;aluminium et la chaleur du bois.\u00a0Innovante, la fen\u00eatre AM-X conjugue ces 3 mat\u00e9riaux dans la structure m\u00eame de la menuiserie en utilisant le bon mat\u00e9riau au bon endroit. Le cumul des avantages de chaque mat\u00e9riau permet d\u2019obtenir une fen\u00eatre aux performances optimis\u00e9es et identiques quelles que soit la finition choisie.<\/p>\n<p><strong>Pour en savoir plus :<\/strong> <a href=\"https:\/\/www.atlantem.fr\/\" target=\"_blank\" rel=\"noopener\">www.atlantem.fr\/<\/a><\/p>\n<p>&nbsp;<\/p>\n<hr \/>\n<h3><strong>3 : BOUVET,\u00a0une entreprise familiale du Maine-et-Loire depuis 1921<\/strong><\/h3>\n<p><img loading=\"lazy\" class=\"fabricants de fen\u00eatres aligncenter\" title=\"fabricants de fen\u00eatres\" src=\"https:\/\/www.menuiseries-bouvet.com\/compiled\/site\/img\/logo_bouvet.svg?7c62961\" alt=\"fabricants de fen\u00eatres\" width=\"295\" height=\"110\" \/><\/p>\n<p>&nbsp;<\/p>\n<ul>\n<li><strong>Lieux de production\u00a0<\/strong>\u00a0:\u00a0Anjou\u00a0&#x1f1eb;&#x1f1f7; (Maine-et-Loire &#8211; 49)<\/li>\n<li><strong>Nombre de gamme :<\/strong> 3 gammes de fen\u00eatres et baies<\/li>\n<li><strong>Gamme de mat\u00e9riaux des fen\u00eatres fabriqu\u00e9es<\/strong> : &#8211; PVC\u00a0 \u00a0&#8211; Aluminium\u00a0 \u00a0&#8211; Mixte<\/li>\n<\/ul>\n<p>Depuis 1921\u00a0<strong>Bouvet<\/strong>\u00a0cr\u00e9e des fen\u00eatres pour les professionnels et est un acteur majeur de la menuiserie en France ( 100% de leurs fournisseurs sont fran\u00e7ais). Le groupe\u00a0Bouvet\u00a0propose une gamme PVC tr\u00e8s haute performance. Ainsi, cette entreprise fut la toute premi\u00e8re, en 1996, \u00e0 proposer une menuiserie PVC aux profil\u00e9s \u00e9troits : 96 mm seulement au niveau du profil central d&rsquo;une menuiserie 2 vantaux, aussi fin qu&rsquo;une menuiserie aluminium. Mais, sa plus grande innovation r\u00e9side dans sa performance thermique exceptionnelle gr\u00e2ce \u00e0 son bouclier PVC isolant int\u00e9gr\u00e9 aux profil\u00e9s. Bouvet ne travaille pas avec le bois.<\/p>\n<p><strong>Pour en savoir plus :<\/strong>\u00a0 <a href=\"https:\/\/www.menuiseries-bouvet.com\/\" target=\"_blank\" rel=\"noopener\">www.menuiseries-bouvet.com\/<\/a><\/p>\n<p>&nbsp;<\/p>\n<hr \/>\n<h3><strong>4 : <\/strong>DAKO, fabricant Polonais de fen\u00eatres PVC, bois et aluminium depuis 1994<\/h3>\n<p><img loading=\"lazy\" class=\"size-full wp-image-14287 aligncenter\" src=\"https:\/\/www.jaimemonartisan.com\/blog\/app\/uploads\/2023\/10\/logo-dako-1.jpg\" alt=\"\" width=\"567\" height=\"283\" srcset=\"https:\/\/www.jaimemonartisan.com\/blog\/app\/uploads\/2023\/10\/logo-dako-1.jpg 567w, https:\/\/www.jaimemonartisan.com\/blog\/app\/uploads\/2023\/10\/logo-dako-1-300x150.jpg 300w\" sizes=\"(max-width: 567px) 100vw, 567px\" \/><\/p>\n<ul>\n<li><strong>Lieu de production\u00a0:<\/strong> Pologne<\/li>\n<li><strong>Nombre de gammes\u00a0:<\/strong> 5 gammes de fen\u00eatres et baies<\/li>\n<li><strong>Gamme de mat\u00e9riaux de fen\u00eatres fabriqu\u00e9es\u00a0:<\/strong> PVC, bois, aluminium, PVC aluminium, bois aluminium<\/li>\n<\/ul>\n<p>L\u2019entreprise Dako a \u00e9t\u00e9 cr\u00e9\u00e9e en 1994 par les 2 fr\u00e8res Studzinski. A ses d\u00e9buts la soci\u00e9t\u00e9 s\u2019est sp\u00e9cialis\u00e9e dans la production de menuiseries PVC et d\u00e9cide rapidement de diversifier sa gamme pour proposer des menuiseries dans tous les mat\u00e9riaux. La qualit\u00e9 des produits et l\u2019ambition de ses dirigeants permet \u00e0 la soci\u00e9t\u00e9 d\u2019exporter une bonne partie de sa production dans le monde entier, en Europe et notamment en France. En 2015, Dako d\u00e9cide de lancer la gamme Harmony Line qui permet \u00e0 ses clients d\u2019harmoniser l\u2019esth\u00e9tique de toutes leurs ouvertures\u00a0: fen\u00eatres, volets roulants, portes d\u2019entr\u00e9e et de garage s\u2019accordent alors parfaitement. En 2020, Dako lance sa gamme de baie coulissante \u00e0 dormant cach\u00e9 nomm\u00e9 SkyLine qui rencontre un franc succ\u00e8s et permet de profiter d\u2019espaces vitr\u00e9s panoramiques spectaculaires.<\/p>\n<p><strong>Pour en savoir plus\u00a0:<\/strong> <a href=\"https:\/\/www.dako.eu\/fr\" target=\"_blank\" rel=\"noopener\">www.dako.eu\/fr<\/a><\/p>\n<p><strong>\u00a0<\/strong><\/p>\n<hr \/>\n<h3><strong>5 : JEANNEAU, une soci\u00e9t\u00e9 familiale, une fabrication 100%\u00a0Pays de la Loire<\/strong><\/h3>\n<p>&nbsp;<\/p>\n<p><img loading=\"lazy\" class=\"fabricants de fen\u00eatres wp-image-13772 aligncenter\" title=\"fabricants de fen\u00eatres\" src=\"https:\/\/www.jaimemonartisan.com\/blog\/app\/uploads\/2018\/10\/Jeanneau-fabricants-fenetres.png\" alt=\"\" width=\"276\" height=\"92\" data-headline=\"logo janneau\" \/><\/p>\n<p>&nbsp;<\/p>\n<ul>\n<li><strong>Lieux de production<\/strong>\u00a0:<br \/>\n<strong>-Lieux de production d\u00e9di\u00e9 au bois<\/strong>: Le Loroux-Botterau\u00a0&#x1f1eb;&#x1f1f7; (Loire-Altantique 44).<br \/>\n<strong>-Lieux de production d\u00e9di\u00e9 au PVC<\/strong> :Saint-Germain-sur-Moine\u00a0&#x1f1eb;&#x1f1f7; (Maine-et-Loire \u2013 49)<br \/>\n<strong>-Lieux de production sp\u00e9cialis\u00e9 dans l\u2019aluminium<\/strong> : Le Loroux-Bottereau &#x1f1eb;&#x1f1f7;(44) pour l\u2019aluminium frappe &amp; La Chapelle Basse Mer\u00a0&#x1f1eb;&#x1f1f7; (44) pour l\u2019aluminium coulissant<\/li>\n<li><strong>Nombre de gamme<\/strong>\u00a0:\u00a05 gammes de fen\u00eatres et baies<\/li>\n<li><strong>Gamme de mat\u00e9riaux des fen\u00eatres fabriqu\u00e9es<\/strong> : &#8211; PVC\u00a0 &#8211; Aluminium\u00a0 &#8211; Bois<\/li>\n<\/ul>\n<p>L&rsquo;entreprise\u00a0<strong>Jeanneau<\/strong>\u00a0perdure depuis 45 ans, alors que tout a commenc\u00e9 avec le bois en 1973, il se sp\u00e9cialise dans le PVC d\u00e8s 1980 et encha\u00eene 10 ans plus tard avec l&rsquo;aluminium.\u00a0Aujourd&rsquo;hui, pr\u00e8s de 100 000 portes et fen\u00eatres sortent chaque ann\u00e9e de ses usines, gr\u00e2ce \u00e0 sa grande capacit\u00e9 d&rsquo;innovation et ses dix ing\u00e9nieurs et techniciens qui \u00e9laborent de nouveaux produits dans leur bureau d&rsquo;\u00e9tude.\u00a0\u00a0Ainsi,\u00a0Janneau\u00a0est le seul industriel \u00e0 arborer le label A2P R2,\u00a0\u00ab qui atteste d&rsquo;un degr\u00e9 de retard \u00e0 l&rsquo;effraction \u00bb. Cette entreprise a pr\u00e8s r\u00e9cemment lanc\u00e9e la fen\u00eatre connect\u00e9e, lors d&rsquo;une ouverture forc\u00e9e, elle active les d\u00e9clencheurs de sir\u00e8ne, elle peut \u00e9galement \u00eatre ferm\u00e9e \u00e0 distance. C\u00f4t\u00e9s garanties, toutes leurs menuiseries\u00a0Janneau\u00a0sont couvertes par une garantie d\u00e9cennale, cela\u00a0vous prot\u00e8ge donc 10 ans contre tout d\u00e9faut de solidit\u00e9 ou d&rsquo;\u00e9tanch\u00e9it\u00e9. Moulures, petits bois, panneau de remplissage et au moins une dizaine de choix de coloris par mat\u00e9riaux sont \u00e0 votre disposition pour une personnalisation infinie.<\/p>\n<p><strong>Pour en savoir plus :<\/strong> <a href=\"http:\/\/janneau.com\/\">www.janneau.com\/<\/a><\/p>\n<p>&nbsp;<\/p>\n<hr \/>\n<h3><strong>6 : SWAO, une nouvelle marque, des produits tendances<br \/>\n<\/strong><\/h3>\n<p><img loading=\"lazy\" class=\"fabricants de fen\u00eatres wp-image-13774 aligncenter\" title=\"fabricants de fen\u00eatres\" src=\"https:\/\/www.jaimemonartisan.com\/blog\/app\/uploads\/2018\/10\/Swao-fabricants-fenetres.png\" alt=\"\" width=\"200\" height=\"95\" data-headline=\"swao logo\" \/><\/p>\n<p>&nbsp;<\/p>\n<ul>\n<li><strong>Lieux de production\u00a0<\/strong>\u00a0: Saint-Macaire-en-Mauges &#x1f1eb;&#x1f1f7;(Maine-et-Loire &#8211; 49) et Roncey &#x1f1eb;&#x1f1f7;(Manche &#8211; 50)<\/li>\n<li><strong>Nombre de gamme<\/strong> : 5 gammes de fen\u00eatres et baies<\/li>\n<li><strong>Gamme de mat\u00e9riaux des fen\u00eatres fabriqu\u00e9es<\/strong> : &#8211; PVC\u00a0 &#8211; Aluminium<\/li>\n<\/ul>\n<p>En effet, c&rsquo;est un petit nouveau sur le march\u00e9, mais pas impuissant pour autant, au contraire, gr\u00e2ce \u00e0 la compagnie qui l&rsquo;a fait na\u00eetre, la\u00a0Compagnie des Equipements Techniques et Industriels pour l&rsquo;Habitat.\u00a0Initialement port\u00e9e par Bel&rsquo;M, le groupe Cetih a r\u00e9alis\u00e9 de nombreuses op\u00e9rations de croissance externe, ici, le lancement de sa marque\u00a0<strong>SWAO<\/strong>. Cette marque\u00a0s&rsquo;est sp\u00e9cialis\u00e9 uniquement dans\u00a0l&rsquo;aluminium et le PVC, mais se diff\u00e9rencie gr\u00e2ce \u00e0 son c\u00f4t\u00e9 design.\u00a0SWAO\u00a0est d\u00e9j\u00e0 r\u00e9put\u00e9\u00a0pour son service client, proximit\u00e9 et satisfaction sont les ma\u00eetres mots de\u00a0la marque.<\/p>\n<p><strong>Pour en savoir plus :<\/strong> <a href=\"http:\/\/www.swao.fr\/\" target=\"_blank\" rel=\"noopener\">www.swao.fr\/<\/a><\/p>\n<p>&nbsp;<\/p>\n<hr \/>\n<h3><strong>7 : K-LINE,\u00a0Le leader fran\u00e7ais des fen\u00eatres en aluminium<\/strong><\/h3>\n<p>&nbsp;<\/p>\n<p><img loading=\"lazy\" class=\"fabricants de fen\u00eatres wp-image-13775 aligncenter\" title=\"fabricants de fen\u00eatres\" src=\"https:\/\/www.jaimemonartisan.com\/blog\/app\/uploads\/2018\/10\/K-Line-fabricants-fenetres.png\" alt=\"\" width=\"242\" height=\"86\" data-headline=\"kline logo\" \/><\/p>\n<ul>\n<li><strong>Lieux de production<\/strong>\u00a0: Les Herbiers\u00a0&#x1f1eb;&#x1f1f7; &#8211; Vend\u00e9e (85)<\/li>\n<li><strong>Nombre de gamme<\/strong> : 3 gammes de fen\u00eatres et baies<\/li>\n<li><strong>Gamme de mat\u00e9riaux des fen\u00eatres fabriqu\u00e9es<\/strong> : &#8211; Aluminium<\/li>\n<\/ul>\n<p>En 1995,\u00a0<strong>K\u2022LINE<\/strong>\u00a0est le premier fabricant de menuiseries aluminium \u00e0 proposer au march\u00e9 une fen\u00eatre \u00e0 ouvrant cach\u00e9, comprenant le r\u00f4le fondamental de la finesse et de la lumi\u00e8re dans la performance de la fen\u00eatre.\u00a0 Toujours dans l&rsquo;\u00e8re du temps, \u00a0K\u2022LINE\u00a0a d\u00e9cid\u00e9 de changer, durant ces cinq derni\u00e8res ann\u00e9es, toutes ses portes d&rsquo;entr\u00e9e, fen\u00eatres et baies pour leur permettre, en double et en triple vitrage, de faire jeu \u00e9gal avec les meilleures fen\u00eatres du march\u00e9, tous mat\u00e9riaux confondus. Ils int\u00e8grent donc les meilleures technologies en mati\u00e8re d&rsquo;isolation (rupture de pont thermique compl\u00e8te, double ou triple vitrage \u00e0 isolation thermique renforc\u00e9e, remplissage argon et intercalaires warm edge).\u00a0La r\u00e9glementation thermique\u00a0datant de 2012 a rendu obligatoire un test de perm\u00e9abilit\u00e9 \u00e0 l&rsquo;air lors d&rsquo;une construction neuve,<strong>\u00a0<\/strong>K\u2022LINE<strong>\u00a0<\/strong>s&rsquo;est donc\u00a0\u00e9quip\u00e9 de robots de d\u00e9pose automatique de cordon d&rsquo;\u00e9tanch\u00e9it\u00e9 et organise des tests en sortie d&rsquo;usine pour garantir \u00e0 ses clients une performance in\u00e9galable. Tout comme Janneau Menuiserie,\u00a0\u00a0K\u2022LINE\u00a0a d\u00e9velopp\u00e9\u00a0le D\u00e9tecteur de Verrouillage Int\u00e9gr\u00e9 (DVI).<\/p>\n<p><strong>Pour en savoir plus :<\/strong> <a href=\"https:\/\/www.k-line.fr\/\" target=\"_blank\" rel=\"noopener\">www.k-line.fr\/<\/a><\/p>\n<p>&nbsp;<\/p>\n<hr \/>\n<h3><strong>8 : LORILLARD, des fen\u00eatres bois alu PVC fabriqu\u00e9es\u00a0\u00e0 Chartres<\/strong><\/h3>\n<p>&nbsp;<\/p>\n<p><img loading=\"lazy\" class=\" wp-image-13878 aligncenter\" src=\"https:\/\/www.jaimemonartisan.com\/blog\/app\/uploads\/2018\/10\/Lorillard-fabricant-fenetres.png\" alt=\"\" width=\"270\" height=\"78\" \/><\/p>\n<p>&nbsp;<\/p>\n<ul>\n<li><strong>Lieux de production\u00a0<\/strong>\u00a0:\u00a0<span class=\"ville_site\">Chartes&#x1f1eb;&#x1f1f7;\u00a0<\/span><span class=\"region\">( Eure-et-Loire -28)<br \/>\n<\/span><span class=\"ville_site\">Parign\u00e9 l&rsquo;\u00e9v\u00eaque&#x1f1eb;&#x1f1f7;\u00a0<\/span><span class=\"region\">(Sarthe &#8211; 72)<br \/>\n<\/span><span class=\"ville_site\">Saint Doulchard&#x1f1eb;&#x1f1f7;\u00a0<\/span><span class=\"region\">(Cher -18 )<br \/>\n<\/span><span class=\"ville_site\">Pralong\u00a0&#x1f1eb;&#x1f1f7;<\/span><span class=\"region\">(Loire &#8211; 42)<br \/>\n<\/span><span class=\"ville_site\">Decazeville &#x1f1eb;&#x1f1f7;\u00a0<\/span><span class=\"region\">(Aveyron- 12 )<\/span><\/li>\n<li><strong>Nombre de gamme<\/strong> : 5 gammes de fen\u00eatres et baies<\/li>\n<li><strong>Gamme de mat\u00e9riaux des fen\u00eatres fabriqu\u00e9es<\/strong> : &#8211; PVC\u00a0 \u00a0&#8211; Aluminium\u00a0 &#8211; Bois\u00a0 &#8211; Mixte\u00a0 &#8211; HPC<\/li>\n<\/ul>\n<p>Le groupe\u00a0<strong>Lorillard<\/strong>\u00a0s&rsquo;adapte \u00e0 son client gr\u00e2ce \u00e0 l&rsquo;organisation de ses activit\u00e9s et sa connaissance du monde des travaux. En effet,\u00a0Lorillard\u00a0s&rsquo;occupe autant de l&rsquo;expertise de chantier, qu&rsquo;ils sont aux services des particuliers, des copropri\u00e9t\u00e9s et\u00a0sont \u00e9galement sp\u00e9cialistes du d\u00e9samiantage. Du c\u00f4t\u00e9 fen\u00eatres,\u00a0<strong>Lorenove<\/strong>\u00a0(le compagnon de projet de r\u00e9novation de fen\u00eatre des particuliers depuis 1983 ) propose les\u00a0cinq types de mat\u00e9riaux, vous pouvez\u00a0<a href=\"http:\/\/www.lorillard.fr\/reference\/liste\/page\/1\" target=\"_blank\" rel=\"noopener\">visualiser toutes leurs r\u00e9alisations<\/a>. Nous retrouvons donc les quatre classiques, PVC, bois, aluminium et mixte et une nouveaut\u00e9: La fen\u00eatre HPC (Hybrid Premium Composite), c&rsquo;est\u00a0l\u2019alliance optimale de mat\u00e9riaux aux propri\u00e9t\u00e9s compl\u00e9mentaires, pour en obtenir le meilleur. Lorillard sait \u00e9galement s&rsquo;investir dans des projets d&rsquo;envergures, comme par exemple lors du remplacement de fen\u00eatre de style et d&rsquo;art du Louvre rue Rivoli \u00e0 Paris, sans aucun doute un coup pouce c\u00f4t\u00e9 confiance !<\/p>\n<p><strong>Pour en savoir plus :<\/strong> <a href=\"http:\/\/www.lorillard.fr\/\" target=\"_blank\" rel=\"noopener\">www.lorillard.fr\/<\/a><\/p>\n<p>&nbsp;<\/p>\n<hr \/>\n<h3 class=\"western\"><strong>9 : FPEE,<\/strong>\u00a0<b>sp\u00e9cialiste de la menuiserie industrielle sur mesure<\/b><\/h3>\n<p>&nbsp;<\/p>\n<p><img loading=\"lazy\" class=\"wp-image-13777 aligncenter\" src=\"https:\/\/www.jaimemonartisan.com\/blog\/app\/uploads\/2018\/10\/FPEE-fabricants-fenetres.png\" alt=\"\" width=\"138\" height=\"143\" data-headline=\"logo fpee\" \/><\/p>\n<p>&nbsp;<\/p>\n<ul>\n<li><strong>Lieux de production\u00a0<\/strong>\u00a0:\u00a0Br\u00fblon\u00a0&#x1f1eb;&#x1f1f7;\u00a0(Sarthe 72)<\/li>\n<li><strong>Nombre de gamme<\/strong> : 5 gammes de fen\u00eatres et baies<\/li>\n<li><strong>Gamme de mat\u00e9riaux des fen\u00eatres fabriqu\u00e9es<\/strong> : &#8211; PVC\u00a0 &#8211; Aluminium\u00a0 &#8211; Bois\u00a0 &#8211; Mixte\u00a0 &#8211; Rau Fibro<\/li>\n<\/ul>\n<p align=\"left\">Il faut savoir que c\u2019est le groupe\u00a0<strong>FPEE<\/strong>\u00a0qui est \u00e0 l\u2019origine du\u00a0fameux r\u00e9seau\u00a0Art et Fen\u00eatres, \u00e0 l\u2019initiative de leur pr\u00e9sident en 1994.\u00a0 C\u00f4t\u00e9 nouveaut\u00e9,\u00a0FPEE\u00a0sort le grand jeu en vous proposant plusieurs gammes de fen\u00eatres raffin\u00e9es et innovantes: la gamme Hexagone\u00ae\u00a0propose des\u00a0fen\u00eatres et portes-fen\u00eatres en ch\u00eane de France massif. Avec son style sobre et droit, elle allie performance, esth\u00e9tique et d\u00e9veloppement durable (certification PEFC pour une gestion durable de la for\u00eat). Pour les plus petits budgets, il existe une gamme sp\u00e9ciale PVC tr\u00e8s performante dot\u00e9e de l\u2019aspect chaleureux du bois que l\u2019on appr\u00e9cie tant, bien pens\u00e9. Le groupe\u00a0FPEE\u00a0va encore plus loin dans l\u2019innovation en commercialisant des fen\u00eatres dot\u00e9es du composite Rau Fipro (le\u00a0Rau Fipro contient de la fibre de verre, ce qui lui garantie une solidit\u00e9 exceptionnelle).<\/p>\n<p align=\"left\"><strong>Pour en savoir plus :<\/strong>\u00a0 <a href=\"http:\/\/www.fpee.fr\/\" target=\"_blank\" rel=\"noopener\">www.fpee.fr\/<\/a><\/p>\n<hr \/>\n<h3><strong>10 : OKNOPLAST, fabricants polonais de fen\u00eatres PVC<br \/>\n<\/strong><\/h3>\n<p>&nbsp;<\/p>\n<p><img loading=\"lazy\" class=\"fabricants de fen\u00eatres wp-image-13778 aligncenter\" title=\"fabricants de fen\u00eatres\" src=\"https:\/\/www.jaimemonartisan.com\/blog\/app\/uploads\/2018\/10\/Oknoplast-fabricants-fenetres-300x64.png\" alt=\"\" width=\"389\" height=\"83\" data-headline=\"logo oknoplast\" srcset=\"https:\/\/www.jaimemonartisan.com\/blog\/app\/uploads\/2018\/10\/Oknoplast-fabricants-fenetres-300x64.png 300w, https:\/\/www.jaimemonartisan.com\/blog\/app\/uploads\/2018\/10\/Oknoplast-fabricants-fenetres.png 348w\" sizes=\"(max-width: 389px) 100vw, 389px\" \/><\/p>\n<p>&nbsp;<\/p>\n<ul>\n<li><strong>Lieux de production\u00a0<\/strong>\u00a0:\u00a0Ochman\u00f3w &#x1f1f2;&#x1f1e8;(Pologne)<\/li>\n<li><strong>Nombre de gamme<\/strong> : 9 gammes de fen\u00eatres et baies<\/li>\n<li><strong>Gamme de mat\u00e9riaux des fen\u00eatres fabriqu\u00e9es<\/strong> : &#8211; PVC<\/li>\n<\/ul>\n<p>Ce fabricant n&rsquo;est pas fran\u00e7ais, mais m\u00e9rite d&rsquo;\u00eatre mentionn\u00e9 de part la grande place qu&rsquo;il occupe sur le march\u00e9 Europ\u00e9en. En effet,\u00a0<strong>Oknoplast<\/strong>\u00a0propose une large gamme de fen\u00eatres PVC au design et aux performances adaptables, dont Winergetic Premium Passive. A la pointe de la technologie, cette gamme utilise\u00a0l\u2019a\u00e9rogel au sein de la fen\u00eatre PVC qui r\u00e9duit de mani\u00e8re tr\u00e8s significative\u00a0le budget chauffage. En compl\u00e9ment de la gamme Winergetic Premium,\u00a0Oknoplast\u00a0propose \u00e9galement la gamme \u00ab\u00a0Passive\u00a0\u00bb. Cette gamme de fen\u00eatre triple\u00a0vitrage voire m\u00eame quadruple\u00a0vitrage propose une isolation de haut niveau, une des meilleures du march\u00e9. Une marque comp\u00e9titive, qui commence \u00e0 fournir ses menuiseries en France&#8230;<\/p>\n<p><strong>Pour en savoir plus :<\/strong> \u00a0<a href=\"https:\/\/oknoplast.fr\/\" target=\"_blank\" rel=\"noopener\">oknoplast.fr\/<\/a><\/p>\n<p style=\"text-align: center;\"><strong>. . .\u00a0<\/strong><\/p>\n<p>Maintenant vous savez (presque tout) sur les principaux\u00a0<strong>fabricants de fen\u00eatres<\/strong>, reste \u00e0 choisir celles qui vous conviennent le mieux. Vous choisirez le bon fabricant en fonction de la provenance du produit, de l\u2019esth\u00e9tique de la fen\u00eatre,\u00a0du prix et \u00e9videmment des artisans que vous rencontrerez. Quelques doutes concernant votre projet de fen\u00eatre ? Nos conseillers sont l\u00e0 pour y rem\u00e9dier ! Appelez-nous du lundi au vendredi de 9h \u00e0 17h 30 !<\/p>\n<p style=\"text-align: center;\"><span class='maxbutton-5-container mb-container'><a class=\"maxbutton-5 maxbutton maxbutton-lien-classique\" target=\"_blank\" href=\"https:\/\/jaimemonartisan.com\/comparateur\/prix-fenetre\/installation-fenetre\"><span class='mb-text'>Obtenir un devis en ligne, gratuit et imm\u00e9diat pour des fen\u00eatres \u2192 <\/span><\/a><\/span>\n<em>\u00e0 partir de\u00a0238 \u20ac, installation incluse<\/em><\/p>\n","protected":false},"excerpt":{"rendered":"<p>Vous cherchez des fen\u00eatres\u00a0en bois, en PVC, au look contemporaines ou classiques\u00a0?\u00a0 Voici une s\u00e9lection des principaux fabricants de fen\u00eatres (Made in France). Cet\u00a0liste\u00a0vous permettra de\u00a0choisir le bon fabricant de&#8230;<\/p>\n","protected":false},"author":2,"featured_media":13875,"comment_status":"open","ping_status":"open","sticky":false,"template":"","format":"gallery","meta":[],"categories":[1],"tags":[331],"yoast_head":"<!-- This site is optimized with the Yoast SEO plugin v15.9.2 - https:\/\/yoast.com\/wordpress\/plugins\/seo\/ -->\n<title>TOP 10 des fabricants de fen\u00eatres \u2013 Blog de J\u2019aime Mon Artisan<\/title>\n<meta name=\"description\" content=\"Vous cherchez des fen\u00eatres en bois, PVC ou aluminium? Voici une s\u00e9lection des principaux fabricants de fen\u00eatres (Made in France) au look design ou classique\" \/>\n<link rel=\"canonical\" href=\"https:\/\/www.jaimemonartisan.com\/blog\/top-10-fabricants-fenetres\/\" \/>\n<meta property=\"og:locale\" content=\"fr_FR\" \/>\n<meta property=\"og:type\" content=\"article\" \/>\n<meta property=\"og:title\" content=\"TOP 10 des fabricants de fen\u00eatres \u2013 Blog de J\u2019aime Mon Artisan\" \/>\n<meta property=\"og:description\" content=\"Vous cherchez des fen\u00eatres en bois, PVC ou aluminium? Voici une s\u00e9lection des principaux fabricants de fen\u00eatres (Made in France) au look design ou classique\" \/>\n<meta property=\"og:url\" content=\"https:\/\/www.jaimemonartisan.com\/blog\/top-10-fabricants-fenetres\/\" \/>\n<meta property=\"og:site_name\" content=\"Blog de J\u2019aime Mon Artisan\" \/>\n<meta property=\"article:publisher\" content=\"https:\/\/www.facebook.com\/jaimemonartisan\" \/>\n<meta property=\"article:published_time\" content=\"2023-10-09T10:24:19+00:00\" \/>\n<meta property=\"article:modified_time\" content=\"2023-10-31T13:20:33+00:00\" \/>\n<meta property=\"og:image\" content=\"https:\/\/www.jaimemonartisan.com\/blog\/app\/uploads\/2018\/10\/fabricants-fenetres.jpg\" \/>\n\t<meta property=\"og:image:width\" content=\"1536\" \/>\n\t<meta property=\"og:image:height\" content=\"640\" \/>\n<meta name=\"twitter:card\" content=\"summary\" \/>\n<meta name=\"twitter:creator\" content=\"@JaimeMonArtisan\" \/>\n<meta name=\"twitter:site\" content=\"@JaimeMonArtisan\" \/>\n<meta name=\"twitter:label1\" content=\"Est. reading time\">\n\t<meta name=\"twitter:data1\" content=\"12 minutes\">\n<script type=\"application\/ld+json\" class=\"yoast-schema-graph\">{\"@context\":\"https:\/\/schema.org\",\"@graph\":[{\"@type\":\"WebSite\",\"@id\":\"https:\/\/www.jaimemonartisan.com\/blog\/#website\",\"url\":\"https:\/\/www.jaimemonartisan.com\/blog\/\",\"name\":\"Blog de J\\u2019aime Mon Artisan\",\"description\":\"Des conseils, inspirations, tendances, guides et actualit\\u00e9s pour vos projets d\\u2019habitat et des annonces sur ceux qui construisent J\\u2019aime Mon Artisan\",\"potentialAction\":[{\"@type\":\"SearchAction\",\"target\":\"https:\/\/www.jaimemonartisan.com\/blog\/?s={search_term_string}\",\"query-input\":\"required name=search_term_string\"}],\"inLanguage\":\"fr-FR\"},{\"@type\":\"ImageObject\",\"@id\":\"https:\/\/www.jaimemonartisan.com\/blog\/top-10-fabricants-fenetres\/#primaryimage\",\"inLanguage\":\"fr-FR\",\"url\":\"https:\/\/www.jaimemonartisan.com\/blog\/app\/uploads\/2018\/10\/fabricants-fenetres.jpg\",\"width\":1536,\"height\":640},{\"@type\":\"WebPage\",\"@id\":\"https:\/\/www.jaimemonartisan.com\/blog\/top-10-fabricants-fenetres\/#webpage\",\"url\":\"https:\/\/www.jaimemonartisan.com\/blog\/top-10-fabricants-fenetres\/\",\"name\":\"TOP 10 des fabricants de fen\\u00eatres \\u2013 Blog de J\\u2019aime Mon Artisan\",\"isPartOf\":{\"@id\":\"https:\/\/www.jaimemonartisan.com\/blog\/#website\"},\"primaryImageOfPage\":{\"@id\":\"https:\/\/www.jaimemonartisan.com\/blog\/top-10-fabricants-fenetres\/#primaryimage\"},\"datePublished\":\"2023-10-09T10:24:19+00:00\",\"dateModified\":\"2023-10-31T13:20:33+00:00\",\"author\":{\"@id\":\"https:\/\/www.jaimemonartisan.com\/blog\/#\/schema\/person\/7e1e6bb8d10d0d5070a22f0c250daf42\"},\"description\":\"Vous cherchez des fen\\u00eatres en bois, PVC ou aluminium? Voici une s\\u00e9lection des principaux fabricants de fen\\u00eatres (Made in France) au look design ou classique\",\"breadcrumb\":{\"@id\":\"https:\/\/www.jaimemonartisan.com\/blog\/top-10-fabricants-fenetres\/#breadcrumb\"},\"inLanguage\":\"fr-FR\",\"potentialAction\":[{\"@type\":\"ReadAction\",\"target\":[\"https:\/\/www.jaimemonartisan.com\/blog\/top-10-fabricants-fenetres\/\"]}]},{\"@type\":\"BreadcrumbList\",\"@id\":\"https:\/\/www.jaimemonartisan.com\/blog\/top-10-fabricants-fenetres\/#breadcrumb\",\"itemListElement\":[{\"@type\":\"ListItem\",\"position\":1,\"item\":{\"@type\":\"WebPage\",\"@id\":\"https:\/\/www.jaimemonartisan.com\/blog\/\",\"url\":\"https:\/\/www.jaimemonartisan.com\/blog\/\",\"name\":\"Accueil\"}},{\"@type\":\"ListItem\",\"position\":2,\"item\":{\"@type\":\"WebPage\",\"@id\":\"https:\/\/www.jaimemonartisan.com\/blog\/top-10-fabricants-fenetres\/\",\"url\":\"https:\/\/www.jaimemonartisan.com\/blog\/top-10-fabricants-fenetres\/\",\"name\":\"TOP 10 des fabricants de fen\\u00eatres\"}}]},{\"@type\":\"Person\",\"@id\":\"https:\/\/www.jaimemonartisan.com\/blog\/#\/schema\/person\/7e1e6bb8d10d0d5070a22f0c250daf42\",\"name\":\"Baptiste Caspar\",\"image\":{\"@type\":\"ImageObject\",\"@id\":\"https:\/\/www.jaimemonartisan.com\/blog\/#personlogo\",\"inLanguage\":\"fr-FR\",\"url\":\"https:\/\/secure.gravatar.com\/avatar\/967f4fa3593a7d27c59f8b03e8c3f6bf?s=96&d=mm&r=g\",\"caption\":\"Baptiste Caspar\"}}]}<\/script>\n<!-- \/ Yoast SEO plugin. -->","_links":{"self":[{"href":"https:\/\/www.jaimemonartisan.com\/blog\/wp-json\/wp\/v2\/posts\/12109"}],"collection":[{"href":"https:\/\/www.jaimemonartisan.com\/blog\/wp-json\/wp\/v2\/posts"}],"about":[{"href":"https:\/\/www.jaimemonartisan.com\/blog\/wp-json\/wp\/v2\/types\/post"}],"author":[{"embeddable":true,"href":"https:\/\/www.jaimemonartisan.com\/blog\/wp-json\/wp\/v2\/users\/2"}],"replies":[{"embeddable":true,"href":"https:\/\/www.jaimemonartisan.com\/blog\/wp-json\/wp\/v2\/comments?post=12109"}],"version-history":[{"count":90,"href":"https:\/\/www.jaimemonartisan.com\/blog\/wp-json\/wp\/v2\/posts\/12109\/revisions"}],"predecessor-version":[{"id":14291,"href":"https:\/\/www.jaimemonartisan.com\/blog\/wp-json\/wp\/v2\/posts\/12109\/revisions\/14291"}],"wp:featuredmedia":[{"embeddable":true,"href":"https:\/\/www.jaimemonartisan.com\/blog\/wp-json\/wp\/v2\/media\/13875"}],"wp:attachment":[{"href":"https:\/\/www.jaimemonartisan.com\/blog\/wp-json\/wp\/v2\/media?parent=12109"}],"wp:term":[{"taxonomy":"category","embeddable":true,"href":"https:\/\/www.jaimemonartisan.com\/blog\/wp-json\/wp\/v2\/categories?post=12109"},{"taxonomy":"post_tag","embeddable":true,"href":"https:\/\/www.jaimemonartisan.com\/blog\/wp-json\/wp\/v2\/tags?post=12109"}],"curies":[{"name":"wp","href":"https:\/\/api.w.org\/{rel}","templated":true}]}}