{"id":11849,"date":"2018-09-10T15:57:00","date_gmt":"2018-09-10T13:57:00","guid":{"rendered":"https:\/\/www.jaimemonartisan.com\/blog\/?p=11849"},"modified":"2018-09-11T16:52:25","modified_gmt":"2018-09-11T14:52:25","slug":"miss-france-2012-aux-cotes-de-jaime-artisan","status":"publish","type":"post","link":"https:\/\/www.jaimemonartisan.com\/blog\/miss-france-2012-aux-cotes-de-jaime-artisan\/","title":{"rendered":"Miss France 2012 aux c\u00f4t\u00e9s de J&rsquo;aime Mon Artisan"},"content":{"rendered":"<p><strong>Vous ne r\u00eavez pas Miss France 2012, la magnifique Delphine Wespiser sera pr\u00e9sente sur le stand Jaime Mon Artisan le samedi 15 septembre 2018 de 16h30 \u00e0 18h lors de la Foire Europ\u00e9enne de Strasbourg.<\/strong><\/p>\n<h2>Une cliente de renom!<\/h2>\n<p>C&rsquo;est une cliente tout particuli\u00e8re qui est venue sur notre site pour acheter son store de terrasse cet \u00e9t\u00e9!\u00a0<strong>Delphine Wespiser<\/strong> est une Miss France certes, mais c&rsquo;est surtout une alsacienne, n\u00e9e \u00e0 Mulhouse\u00a0elle\u00a0porte dans son c\u0153ur les valeurs de sa r\u00e9gion. C&rsquo;est pour cette raison que lorsqu&rsquo;elle a voulu faire installer un store, l&rsquo;un de ses proches lui a parl\u00e9 de nous, J&rsquo;aime Mon Artisan, startup alsacienne des travaux de l&rsquo;habitat. Elle fut conquise par le concept, mais surtout par le service et le suivi que lui as assur\u00e9 nos charg\u00e9s d&rsquo;affaires Baptiste et Quentin.<\/p>\n<p>Int\u00e9ress\u00e9e et investie, elle a d\u00e9cid\u00e9 de nous accompagner \u00e0 la foire Europ\u00e9enne de Strasbourg pour mettre son image\u00a0\u00e0 profit d&rsquo;une cause qui lui tient \u00e0 c\u0153ur, <strong>soutenir une startup made in Alsace<\/strong>\u00a0qui met l&rsquo;humain et l&rsquo;artisanat au c\u0153ur de\u00a0ses ambitions.<\/p>\n<p>&nbsp;<\/p>\n<blockquote>\n<p style=\"text-align: center;\"><strong>Repartez avec un autographe, une photo et un sourire inoubliable de notre Miss !<br \/>\n<\/strong><strong>Et rejoignez-nous\u00a0sur les r\u00e9seaux sociaux pour suivre toutes nos actualit\u00e9s<\/strong><\/p>\n<\/blockquote>\n<p>&nbsp;<\/p>\n<p><a href=\"https:\/\/www.jaimemonartisan.com\/blog\/pourquoi-nous-avons-cree-startup-jaime-mon-artisan-com\/\">Pourquoi J&rsquo;aime Mon Artisan est un projet altruiste ?\u00a0<\/a><\/p>\n","protected":false},"excerpt":{"rendered":"<p>Vous ne r\u00eavez pas Miss France 2012, la magnifique Delphine Wespiser sera pr\u00e9sente sur le stand Jaime Mon Artisan le samedi 15 septembre 2018 de 16h30 \u00e0 18h lors de&#8230;<\/p>\n","protected":false},"author":2,"featured_media":11871,"comment_status":"open","ping_status":"open","sticky":false,"template":"","format":"standard","meta":[],"categories":[1],"tags":[323],"yoast_head":"<!-- This site is optimized with the Yoast SEO plugin v15.9.2 - https:\/\/yoast.com\/wordpress\/plugins\/seo\/ -->\n<title>Miss France 2012, Delphine Wespiser accompagne J&#039;aime Mon Artisan<\/title>\n<meta name=\"description\" content=\"Vous ne r\u00eavez pas, Miss France 2012, Delphine Wespiser est aux c\u00f4t\u00e9s de J&#039;aime Mon Artisan lors de la Foire Europ\u00e9enne de Strasbourg! Repartez avec un photo\" \/>\n<link rel=\"canonical\" href=\"https:\/\/www.jaimemonartisan.com\/blog\/miss-france-2012-aux-cotes-de-jaime-artisan\/\" \/>\n<meta property=\"og:locale\" content=\"fr_FR\" \/>\n<meta property=\"og:type\" content=\"article\" \/>\n<meta property=\"og:title\" content=\"Miss France 2012, Delphine Wespiser accompagne J&#039;aime Mon Artisan\" \/>\n<meta property=\"og:description\" content=\"Vous ne r\u00eavez pas, Miss France 2012, Delphine Wespiser est aux c\u00f4t\u00e9s de J&#039;aime Mon Artisan lors de la Foire Europ\u00e9enne de Strasbourg! Repartez avec un photo\" \/>\n<meta property=\"og:url\" content=\"https:\/\/www.jaimemonartisan.com\/blog\/miss-france-2012-aux-cotes-de-jaime-artisan\/\" \/>\n<meta property=\"og:site_name\" content=\"Blog de J\u2019aime Mon Artisan\" \/>\n<meta property=\"article:publisher\" content=\"https:\/\/www.facebook.com\/jaimemonartisan\" \/>\n<meta property=\"article:published_time\" content=\"2018-09-10T13:57:00+00:00\" \/>\n<meta property=\"article:modified_time\" content=\"2018-09-11T14:52:25+00:00\" \/>\n<meta property=\"og:image\" content=\"https:\/\/www.jaimemonartisan.com\/blog\/app\/uploads\/2018\/09\/article-delphine-e1536589059769.png\" \/>\n\t<meta property=\"og:image:width\" content=\"1000\" \/>\n\t<meta property=\"og:image:height\" content=\"524\" \/>\n<meta name=\"twitter:card\" content=\"summary\" \/>\n<meta name=\"twitter:creator\" content=\"@JaimeMonArtisan\" \/>\n<meta name=\"twitter:site\" content=\"@JaimeMonArtisan\" \/>\n<meta name=\"twitter:label1\" content=\"Est. reading time\">\n\t<meta name=\"twitter:data1\" content=\"1 minute\">\n<script type=\"application\/ld+json\" class=\"yoast-schema-graph\">{\"@context\":\"https:\/\/schema.org\",\"@graph\":[{\"@type\":\"WebSite\",\"@id\":\"https:\/\/www.jaimemonartisan.com\/blog\/#website\",\"url\":\"https:\/\/www.jaimemonartisan.com\/blog\/\",\"name\":\"Blog de J\\u2019aime Mon Artisan\",\"description\":\"Des conseils, inspirations, tendances, guides et actualit\\u00e9s pour vos projets d\\u2019habitat et des annonces sur ceux qui construisent J\\u2019aime Mon Artisan\",\"potentialAction\":[{\"@type\":\"SearchAction\",\"target\":\"https:\/\/www.jaimemonartisan.com\/blog\/?s={search_term_string}\",\"query-input\":\"required name=search_term_string\"}],\"inLanguage\":\"fr-FR\"},{\"@type\":\"ImageObject\",\"@id\":\"https:\/\/www.jaimemonartisan.com\/blog\/miss-france-2012-aux-cotes-de-jaime-artisan\/#primaryimage\",\"inLanguage\":\"fr-FR\",\"url\":\"https:\/\/www.jaimemonartisan.com\/blog\/app\/uploads\/2018\/09\/article-delphine-e1536589059769.png\",\"width\":1000,\"height\":524},{\"@type\":\"WebPage\",\"@id\":\"https:\/\/www.jaimemonartisan.com\/blog\/miss-france-2012-aux-cotes-de-jaime-artisan\/#webpage\",\"url\":\"https:\/\/www.jaimemonartisan.com\/blog\/miss-france-2012-aux-cotes-de-jaime-artisan\/\",\"name\":\"Miss France 2012, Delphine Wespiser accompagne J'aime Mon Artisan\",\"isPartOf\":{\"@id\":\"https:\/\/www.jaimemonartisan.com\/blog\/#website\"},\"primaryImageOfPage\":{\"@id\":\"https:\/\/www.jaimemonartisan.com\/blog\/miss-france-2012-aux-cotes-de-jaime-artisan\/#primaryimage\"},\"datePublished\":\"2018-09-10T13:57:00+00:00\",\"dateModified\":\"2018-09-11T14:52:25+00:00\",\"author\":{\"@id\":\"https:\/\/www.jaimemonartisan.com\/blog\/#\/schema\/person\/7e1e6bb8d10d0d5070a22f0c250daf42\"},\"description\":\"Vous ne r\\u00eavez pas, Miss France 2012, Delphine Wespiser est aux c\\u00f4t\\u00e9s de J'aime Mon Artisan lors de la Foire Europ\\u00e9enne de Strasbourg! Repartez avec un photo\",\"breadcrumb\":{\"@id\":\"https:\/\/www.jaimemonartisan.com\/blog\/miss-france-2012-aux-cotes-de-jaime-artisan\/#breadcrumb\"},\"inLanguage\":\"fr-FR\",\"potentialAction\":[{\"@type\":\"ReadAction\",\"target\":[\"https:\/\/www.jaimemonartisan.com\/blog\/miss-france-2012-aux-cotes-de-jaime-artisan\/\"]}]},{\"@type\":\"BreadcrumbList\",\"@id\":\"https:\/\/www.jaimemonartisan.com\/blog\/miss-france-2012-aux-cotes-de-jaime-artisan\/#breadcrumb\",\"itemListElement\":[{\"@type\":\"ListItem\",\"position\":1,\"item\":{\"@type\":\"WebPage\",\"@id\":\"https:\/\/www.jaimemonartisan.com\/blog\/\",\"url\":\"https:\/\/www.jaimemonartisan.com\/blog\/\",\"name\":\"Accueil\"}},{\"@type\":\"ListItem\",\"position\":2,\"item\":{\"@type\":\"WebPage\",\"@id\":\"https:\/\/www.jaimemonartisan.com\/blog\/miss-france-2012-aux-cotes-de-jaime-artisan\/\",\"url\":\"https:\/\/www.jaimemonartisan.com\/blog\/miss-france-2012-aux-cotes-de-jaime-artisan\/\",\"name\":\"Miss France 2012 aux c\\u00f4t\\u00e9s de J&rsquo;aime Mon Artisan\"}}]},{\"@type\":\"Person\",\"@id\":\"https:\/\/www.jaimemonartisan.com\/blog\/#\/schema\/person\/7e1e6bb8d10d0d5070a22f0c250daf42\",\"name\":\"Baptiste Caspar\",\"image\":{\"@type\":\"ImageObject\",\"@id\":\"https:\/\/www.jaimemonartisan.com\/blog\/#personlogo\",\"inLanguage\":\"fr-FR\",\"url\":\"https:\/\/secure.gravatar.com\/avatar\/967f4fa3593a7d27c59f8b03e8c3f6bf?s=96&d=mm&r=g\",\"caption\":\"Baptiste Caspar\"}}]}<\/script>\n<!-- \/ Yoast SEO plugin. -->","_links":{"self":[{"href":"https:\/\/www.jaimemonartisan.com\/blog\/wp-json\/wp\/v2\/posts\/11849"}],"collection":[{"href":"https:\/\/www.jaimemonartisan.com\/blog\/wp-json\/wp\/v2\/posts"}],"about":[{"href":"https:\/\/www.jaimemonartisan.com\/blog\/wp-json\/wp\/v2\/types\/post"}],"author":[{"embeddable":true,"href":"https:\/\/www.jaimemonartisan.com\/blog\/wp-json\/wp\/v2\/users\/2"}],"replies":[{"embeddable":true,"href":"https:\/\/www.jaimemonartisan.com\/blog\/wp-json\/wp\/v2\/comments?post=11849"}],"version-history":[{"count":20,"href":"https:\/\/www.jaimemonartisan.com\/blog\/wp-json\/wp\/v2\/posts\/11849\/revisions"}],"predecessor-version":[{"id":11879,"href":"https:\/\/www.jaimemonartisan.com\/blog\/wp-json\/wp\/v2\/posts\/11849\/revisions\/11879"}],"wp:featuredmedia":[{"embeddable":true,"href":"https:\/\/www.jaimemonartisan.com\/blog\/wp-json\/wp\/v2\/media\/11871"}],"wp:attachment":[{"href":"https:\/\/www.jaimemonartisan.com\/blog\/wp-json\/wp\/v2\/media?parent=11849"}],"wp:term":[{"taxonomy":"category","embeddable":true,"href":"https:\/\/www.jaimemonartisan.com\/blog\/wp-json\/wp\/v2\/categories?post=11849"},{"taxonomy":"post_tag","embeddable":true,"href":"https:\/\/www.jaimemonartisan.com\/blog\/wp-json\/wp\/v2\/tags?post=11849"}],"curies":[{"name":"wp","href":"https:\/\/api.w.org\/{rel}","templated":true}]}}